{"id":71608,"date":"2026-04-26T11:21:38","date_gmt":"2026-04-26T14:21:38","guid":{"rendered":"https:\/\/infovera.com.ar\/web\/?p=71608"},"modified":"2026-04-26T11:21:38","modified_gmt":"2026-04-26T14:21:38","slug":"detuvieron-a-un-ladron-que-ingreso-a-una-vivienda","status":"publish","type":"post","link":"https:\/\/infovera.com.ar\/web\/2026\/04\/26\/detuvieron-a-un-ladron-que-ingreso-a-una-vivienda\/","title":{"rendered":"Detuvieron a un ladr\u00f3n que ingres\u00f3 a una vivienda"},"content":{"rendered":"<p><strong>En horas de la noche del viernes, personal del Comando Radioel\u00e9ctrico tom\u00f3 intervenci\u00f3n a ra\u00edz de un llamado telef\u00f3nico que alertaba sobre la presencia de un individuo intentando ingresar a una vivienda ubicada en calle Soldado G\u00f3mez al 3100.<\/strong><\/p>\n<p>Arribados al lugar, los efectivos constataron la presencia de un sujeto dentro del predio, quien fue inmediatamente aprehendido tras acatar la voz de alto impartida por el personal actuante. En su poder se procedi\u00f3 al secuestro de un tel\u00e9fono celular.<\/p>\n<p>El sujeto fue trasladado a sede policial, examinado por el m\u00e9dico en turno y posteriormente alojado en la alcaid\u00eda en calidad de aprehendido, a disposici\u00f3n de la justicia.<\/p>\n<p>Se dio intervenci\u00f3n al Ministerio P\u00fablico de la Acusaci\u00f3n, continu\u00e1ndose con las diligencias de rigor.<\/p>\n","protected":false},"excerpt":{"rendered":"<p>En horas de la noche del viernes, personal del Comando Radioel\u00e9ctrico tom\u00f3 intervenci\u00f3n a ra\u00edz de un llamado telef\u00f3nico que alertaba sobre la presencia de un individuo intentando ingresar a una vivienda ubicada en calle Soldado G\u00f3mez al 3100. Arribados al lugar, los efectivos constataron la presencia de un sujeto dentro del predio, quien fue [&hellip;]<\/p>\n","protected":false},"author":3,"featured_media":71609,"comment_status":"open","ping_status":"open","sticky":false,"template":"","format":"standard","meta":{"_joinchat":[],"footnotes":""},"categories":[30,53],"tags":[],"class_list":{"0":"post-71608","1":"post","2":"type-post","3":"status-publish","4":"format-standard","5":"has-post-thumbnail","7":"category-policiales","8":"category-vera"},"_links":{"self":[{"href":"https:\/\/infovera.com.ar\/web\/wp-json\/wp\/v2\/posts\/71608","targetHints":{"allow":["GET"]}}],"collection":[{"href":"https:\/\/infovera.com.ar\/web\/wp-json\/wp\/v2\/posts"}],"about":[{"href":"https:\/\/infovera.com.ar\/web\/wp-json\/wp\/v2\/types\/post"}],"author":[{"embeddable":true,"href":"https:\/\/infovera.com.ar\/web\/wp-json\/wp\/v2\/users\/3"}],"replies":[{"embeddable":true,"href":"https:\/\/infovera.com.ar\/web\/wp-json\/wp\/v2\/comments?post=71608"}],"version-history":[{"count":1,"href":"https:\/\/infovera.com.ar\/web\/wp-json\/wp\/v2\/posts\/71608\/revisions"}],"predecessor-version":[{"id":71610,"href":"https:\/\/infovera.com.ar\/web\/wp-json\/wp\/v2\/posts\/71608\/revisions\/71610"}],"wp:featuredmedia":[{"embeddable":true,"href":"https:\/\/infovera.com.ar\/web\/wp-json\/wp\/v2\/media\/71609"}],"wp:attachment":[{"href":"https:\/\/infovera.com.ar\/web\/wp-json\/wp\/v2\/media?parent=71608"}],"wp:term":[{"taxonomy":"category","embeddable":true,"href":"https:\/\/infovera.com.ar\/web\/wp-json\/wp\/v2\/categories?post=71608"},{"taxonomy":"post_tag","embeddable":true,"href":"https:\/\/infovera.com.ar\/web\/wp-json\/wp\/v2\/tags?post=71608"}],"curies":[{"name":"wp","href":"https:\/\/api.w.org\/{rel}","templated":true}]}}