{"id":70991,"date":"2026-04-04T11:12:32","date_gmt":"2026-04-04T14:12:32","guid":{"rendered":"https:\/\/infovera.com.ar\/web\/?p=70991"},"modified":"2026-04-06T09:45:04","modified_gmt":"2026-04-06T12:45:04","slug":"hallaron-ahogados-los-dos-hermanos-que-eran-buscados-en-florencia","status":"publish","type":"post","link":"https:\/\/infovera.com.ar\/web\/2026\/04\/04\/hallaron-ahogados-los-dos-hermanos-que-eran-buscados-en-florencia\/","title":{"rendered":"Hallaron ahogados los dos hermanos que eran buscados en Florencia"},"content":{"rendered":"<p><strong>Despu\u00e9s de las 18 lograron hallar los cuerpos de los dos menores, siendo trasladados a la morgue del nosocomio local. M\u00e9dico policial en turno examin\u00f3 los \u00f3bitos y prescindi\u00f3 de autopsia por lo que se realiz\u00f3 consulta al M.P.A. Fiscal en turno dispuso la entrega a familiares para su inhumaci\u00f3n.<\/strong><\/p>\n<p>A las 15:15 del jueves santo, personal de la Comisar\u00eda 9na. Florencia) tom\u00f3 conocimiento de la presunta desaparici\u00f3n por ahogamiento de dos personas en el arroyo Tapenag\u00e1, unos 500 m al norte de la ciudad y 150 m desde la Ruta Nacional 11.<\/p>\n<p>En el lugar entrevistaron a la madre de los menores \u2014de 13 y 17 a\u00f1os\u2014, quien relat\u00f3 que ambos se ba\u00f1aban junto a familiares y, en un momento, desaparecieron. La familia los busc\u00f3 sin \u00e9xito y dio aviso inmediato a la Polic\u00eda y a Bomberos.<br \/>\nTrabajan en la zona Bomberos Voluntarios de Florencia, con apoyo de la embarcaci\u00f3n de la Comisar\u00eda 4ta. de Villa Ocampo, personal de la *D.G.S.R. Los Pumas\u201d de Villa Ocampo y Florencia.<\/p>\n<p>Finalmente, ambos fueron hallados ahogados.<\/p>\n","protected":false},"excerpt":{"rendered":"<p>Despu\u00e9s de las 18 lograron hallar los cuerpos de los dos menores, siendo trasladados a la morgue del nosocomio local. M\u00e9dico policial en turno examin\u00f3 los \u00f3bitos y prescindi\u00f3 de autopsia por lo que se realiz\u00f3 consulta al M.P.A. Fiscal en turno dispuso la entrega a familiares para su inhumaci\u00f3n. A las 15:15 del jueves [&hellip;]<\/p>\n","protected":false},"author":3,"featured_media":70995,"comment_status":"open","ping_status":"open","sticky":false,"template":"","format":"standard","meta":{"_joinchat":[],"footnotes":""},"categories":[30,61],"tags":[],"class_list":{"0":"post-70991","1":"post","2":"type-post","3":"status-publish","4":"format-standard","5":"has-post-thumbnail","7":"category-policiales","8":"category-regionales"},"_links":{"self":[{"href":"https:\/\/infovera.com.ar\/web\/wp-json\/wp\/v2\/posts\/70991","targetHints":{"allow":["GET"]}}],"collection":[{"href":"https:\/\/infovera.com.ar\/web\/wp-json\/wp\/v2\/posts"}],"about":[{"href":"https:\/\/infovera.com.ar\/web\/wp-json\/wp\/v2\/types\/post"}],"author":[{"embeddable":true,"href":"https:\/\/infovera.com.ar\/web\/wp-json\/wp\/v2\/users\/3"}],"replies":[{"embeddable":true,"href":"https:\/\/infovera.com.ar\/web\/wp-json\/wp\/v2\/comments?post=70991"}],"version-history":[{"count":0,"href":"https:\/\/infovera.com.ar\/web\/wp-json\/wp\/v2\/posts\/70991\/revisions"}],"wp:featuredmedia":[{"embeddable":true,"href":"https:\/\/infovera.com.ar\/web\/wp-json\/wp\/v2\/media\/70995"}],"wp:attachment":[{"href":"https:\/\/infovera.com.ar\/web\/wp-json\/wp\/v2\/media?parent=70991"}],"wp:term":[{"taxonomy":"category","embeddable":true,"href":"https:\/\/infovera.com.ar\/web\/wp-json\/wp\/v2\/categories?post=70991"},{"taxonomy":"post_tag","embeddable":true,"href":"https:\/\/infovera.com.ar\/web\/wp-json\/wp\/v2\/tags?post=70991"}],"curies":[{"name":"wp","href":"https:\/\/api.w.org\/{rel}","templated":true}]}}