{"id":70611,"date":"2026-03-18T16:21:16","date_gmt":"2026-03-18T19:21:16","guid":{"rendered":"https:\/\/infovera.com.ar\/web\/?p=70611"},"modified":"2026-03-20T09:11:34","modified_gmt":"2026-03-20T12:11:34","slug":"arranca-el-apertura-2026-de-la-lvf-dias-y-horarios-confirmados","status":"publish","type":"post","link":"https:\/\/infovera.com.ar\/web\/2026\/03\/18\/arranca-el-apertura-2026-de-la-lvf-dias-y-horarios-confirmados\/","title":{"rendered":"Arranca el Apertura 2026 de la LVF: d\u00edas y horarios confirmados"},"content":{"rendered":"<p><strong>La actividad anual del f\u00fatbol liguista comenzar\u00e1 el s\u00e1bado 21.<\/strong><\/p>\n<p>PROGRAMACION 3 y 1 DIVISION APERTURA ZONA A y B<\/p>\n<p><strong>ZONA A<\/strong><br \/>\n<strong>PRIMERA FECHA<\/strong><\/p>\n<p><span style=\"color: #ff9900;\"><strong>SABADO: 21-03-2026<\/strong><\/span><\/p>\n<p>VEC. CARLOS GARDEL VS. FCR BELGRANO<br \/>\nHorarios: 3 divisi\u00f3n 19 horas &#8211; 1 divisi\u00f3n 20.45<\/p>\n<p><span style=\"color: #ff9900;\"><strong>DOMINGO: 22-03-2026<\/strong><\/span><\/p>\n<p>HURACAN SAN JAVIER VS. GIULIANI FC<br \/>\nHorarios: 3 division 14 horas &#8211; 1 division 15.45<\/p>\n<p>DEPORTIVO UNION VS. RIVER PLATE<br \/>\nHorarios: 3 divisi\u00f3n 17 horas &#8211; 1 divisi\u00f3n 18.45<\/p>\n<p><strong><span style=\"color: #ff9900;\">LUNES: 23-03-2026<\/span><\/strong><\/p>\n<p>CALCHAQUI FC VS. HURACAN LA CRIOLLA<br \/>\nHorarios: 3 divisi\u00f3n 15 horas &#8211; 1 divisi\u00f3n 16.45<\/p>\n<p><strong>ZONA B<\/strong><br \/>\n<strong>PRIMERA FECHA<\/strong><\/p>\n<p><span style=\"color: #ff9900;\"><strong>SABADO: 21-03-2026<\/strong><\/span><\/p>\n<p>GIMNASIA FC VS. BARTOLOME MITRE<br \/>\nHorarios: 3 divisi\u00f3n 20 horas &#8211; 1 divisi\u00f3n 21.45 horas<\/p>\n<p><span style=\"color: #ff9900;\"><strong>DOMINGO: 22-03-2026<\/strong><\/span><\/p>\n<p>ESTUDIANTES UNIDOS VS. HURACAN FBC<\/p>\n<p>CS SARMIENTO VS. DEPORTIVO ALEJANDRA<br \/>\nHorarios: 3 divisi\u00f3n 14 horas &#8211; 1 divisi\u00f3n 15.45 horas<\/p>\n<p><strong><span style=\"color: #ff9900;\">LUNES: 23-03-2026<\/span><\/strong><\/p>\n<p>CENTRAL COLONIA VS. FERROCARRIL SANTA FE<br \/>\nHorarios: 3 divisi\u00f3n 15 horas &#8211; 1 divisi\u00f3n 16.45 horas<\/p>\n","protected":false},"excerpt":{"rendered":"<p>La actividad anual del f\u00fatbol liguista comenzar\u00e1 el s\u00e1bado 21. PROGRAMACION 3 y 1 DIVISION APERTURA ZONA A y B ZONA A PRIMERA FECHA SABADO: 21-03-2026 VEC. CARLOS GARDEL VS. FCR BELGRANO Horarios: 3 divisi\u00f3n 19 horas &#8211; 1 divisi\u00f3n 20.45 DOMINGO: 22-03-2026 HURACAN SAN JAVIER VS. GIULIANI FC Horarios: 3 division 14 horas &#8211; [&hellip;]<\/p>\n","protected":false},"author":3,"featured_media":70612,"comment_status":"open","ping_status":"open","sticky":false,"template":"","format":"standard","meta":{"_joinchat":[],"footnotes":""},"categories":[31,53],"tags":[],"class_list":{"0":"post-70611","1":"post","2":"type-post","3":"status-publish","4":"format-standard","5":"has-post-thumbnail","7":"category-deportes","8":"category-vera"},"_links":{"self":[{"href":"https:\/\/infovera.com.ar\/web\/wp-json\/wp\/v2\/posts\/70611","targetHints":{"allow":["GET"]}}],"collection":[{"href":"https:\/\/infovera.com.ar\/web\/wp-json\/wp\/v2\/posts"}],"about":[{"href":"https:\/\/infovera.com.ar\/web\/wp-json\/wp\/v2\/types\/post"}],"author":[{"embeddable":true,"href":"https:\/\/infovera.com.ar\/web\/wp-json\/wp\/v2\/users\/3"}],"replies":[{"embeddable":true,"href":"https:\/\/infovera.com.ar\/web\/wp-json\/wp\/v2\/comments?post=70611"}],"version-history":[{"count":0,"href":"https:\/\/infovera.com.ar\/web\/wp-json\/wp\/v2\/posts\/70611\/revisions"}],"wp:featuredmedia":[{"embeddable":true,"href":"https:\/\/infovera.com.ar\/web\/wp-json\/wp\/v2\/media\/70612"}],"wp:attachment":[{"href":"https:\/\/infovera.com.ar\/web\/wp-json\/wp\/v2\/media?parent=70611"}],"wp:term":[{"taxonomy":"category","embeddable":true,"href":"https:\/\/infovera.com.ar\/web\/wp-json\/wp\/v2\/categories?post=70611"},{"taxonomy":"post_tag","embeddable":true,"href":"https:\/\/infovera.com.ar\/web\/wp-json\/wp\/v2\/tags?post=70611"}],"curies":[{"name":"wp","href":"https:\/\/api.w.org\/{rel}","templated":true}]}}