{"id":70608,"date":"2026-03-18T17:09:17","date_gmt":"2026-03-18T20:09:17","guid":{"rendered":"https:\/\/infovera.com.ar\/web\/?p=70608"},"modified":"2026-03-20T09:09:57","modified_gmt":"2026-03-20T12:09:57","slug":"la-pdi-detuvo-a-un-joven-por-violencia-de-genero-golpeo-y-amenazo-a-su-expareja-y-quiso-incendiarle-la-casa","status":"publish","type":"post","link":"https:\/\/infovera.com.ar\/web\/2026\/03\/18\/la-pdi-detuvo-a-un-joven-por-violencia-de-genero-golpeo-y-amenazo-a-su-expareja-y-quiso-incendiarle-la-casa\/","title":{"rendered":"La PDI detuvo a un joven por violencia de g\u00e9nero: golpe\u00f3 y amenaz\u00f3 a su expareja, y quiso incendiarle la casa"},"content":{"rendered":"<p><strong>El detenido est\u00e1 imputado por desobediencia judicial, amenazas y lesiones leves tras agredir a su pareja, sobre quien ten\u00eda una restricci\u00f3n de acercamiento.<\/strong><\/p>\n<p>La Polic\u00eda de Investigaciones (PDI), a trav\u00e9s de la Agencia de Investigaci\u00f3n sobre Trata de Personas y Violencia de G\u00e9nero \u2013 Regi\u00f3n IV, y del \u00c1rea de Investigaci\u00f3n de Violencia de G\u00e9nero, Familiar y Sexual de Vera, procedi\u00f3 a la detenci\u00f3n de un hombre identificado como G.A.Y., de 20 a\u00f1os, en el marco de una causa por desobediencia a un mandato judicial, amenazas y lesiones leves calificadas por mediar violencia de g\u00e9nero.<\/p>\n<p>El hecho fue denunciado por la v\u00edctima, quien manifest\u00f3 que este joven, sobre quien <strong>pesaba una medida judicial de restricci\u00f3n de acercamiento, se hizo presente en su domicilio, donde la agredi\u00f3 f\u00edsicamente y la amenaz\u00f3 de muerte, adem\u00e1s de manifestar su intenci\u00f3n de incendiar la vivienda<\/strong>. Examinada por el m\u00e9dico en turno, se constataron lesiones de car\u00e1cter leve.<\/p>\n<p>A partir de la intervenci\u00f3n de personal policial del CRE de la Unidad Regional XIX, se procedi\u00f3 a la aprehensi\u00f3n del involucrado, d\u00e1ndose intervenci\u00f3n al \u00c1rea de Investigaci\u00f3n de Violencia de G\u00e9nero, Sexual y Familiar de Vera.<\/p>\n<p>En la fecha, y por disposici\u00f3n de la fiscal interviniente, Dra. Georgina D\u00edaz, se concret\u00f3 la detenci\u00f3n de G.A.Y., quien qued\u00f3 alojado en dependencia policial a disposici\u00f3n de la Justicia competente.<\/p>\n","protected":false},"excerpt":{"rendered":"<p>El detenido est\u00e1 imputado por desobediencia judicial, amenazas y lesiones leves tras agredir a su pareja, sobre quien ten\u00eda una restricci\u00f3n de acercamiento. La Polic\u00eda de Investigaciones (PDI), a trav\u00e9s de la Agencia de Investigaci\u00f3n sobre Trata de Personas y Violencia de G\u00e9nero \u2013 Regi\u00f3n IV, y del \u00c1rea de Investigaci\u00f3n de Violencia de G\u00e9nero, [&hellip;]<\/p>\n","protected":false},"author":3,"featured_media":70609,"comment_status":"open","ping_status":"open","sticky":false,"template":"","format":"standard","meta":{"_joinchat":[],"footnotes":""},"categories":[30,53],"tags":[],"class_list":{"0":"post-70608","1":"post","2":"type-post","3":"status-publish","4":"format-standard","5":"has-post-thumbnail","7":"category-policiales","8":"category-vera"},"_links":{"self":[{"href":"https:\/\/infovera.com.ar\/web\/wp-json\/wp\/v2\/posts\/70608","targetHints":{"allow":["GET"]}}],"collection":[{"href":"https:\/\/infovera.com.ar\/web\/wp-json\/wp\/v2\/posts"}],"about":[{"href":"https:\/\/infovera.com.ar\/web\/wp-json\/wp\/v2\/types\/post"}],"author":[{"embeddable":true,"href":"https:\/\/infovera.com.ar\/web\/wp-json\/wp\/v2\/users\/3"}],"replies":[{"embeddable":true,"href":"https:\/\/infovera.com.ar\/web\/wp-json\/wp\/v2\/comments?post=70608"}],"version-history":[{"count":0,"href":"https:\/\/infovera.com.ar\/web\/wp-json\/wp\/v2\/posts\/70608\/revisions"}],"wp:featuredmedia":[{"embeddable":true,"href":"https:\/\/infovera.com.ar\/web\/wp-json\/wp\/v2\/media\/70609"}],"wp:attachment":[{"href":"https:\/\/infovera.com.ar\/web\/wp-json\/wp\/v2\/media?parent=70608"}],"wp:term":[{"taxonomy":"category","embeddable":true,"href":"https:\/\/infovera.com.ar\/web\/wp-json\/wp\/v2\/categories?post=70608"},{"taxonomy":"post_tag","embeddable":true,"href":"https:\/\/infovera.com.ar\/web\/wp-json\/wp\/v2\/tags?post=70608"}],"curies":[{"name":"wp","href":"https:\/\/api.w.org\/{rel}","templated":true}]}}