{"id":70602,"date":"2026-03-18T16:44:12","date_gmt":"2026-03-18T19:44:12","guid":{"rendered":"https:\/\/infovera.com.ar\/web\/?p=70602"},"modified":"2026-03-18T16:44:12","modified_gmt":"2026-03-18T19:44:12","slug":"santa-fe-crea-un-fondo-propio-para-sostener-la-educacion-tecnica","status":"publish","type":"post","link":"https:\/\/infovera.com.ar\/web\/2026\/03\/18\/santa-fe-crea-un-fondo-propio-para-sostener-la-educacion-tecnica\/","title":{"rendered":"Santa Fe crea un fondo propio para sostener la educaci\u00f3n t\u00e9cnica"},"content":{"rendered":"<p><strong>En un anuncio encabezado por el gobernador Maximiliano Pullaro, el Gobierno de Santa Fe puso en marcha el Fondo Provincial de Educaci\u00f3n T\u00e9cnica, con un piso de $ 3.500 millones. La medida, tomada ante la ca\u00edda de los env\u00edos nacionales, busca garantizar el funcionamiento, la actualizaci\u00f3n tecnol\u00f3gica y el desarrollo de las 172 escuelas t\u00e9cnicas.\u00a0<\/strong><\/p>\n<p>El gobernador Maximiliano Pullaro present\u00f3 el Fondo Provincial de Educaci\u00f3n T\u00e9cnica, una herramienta destinada a financiar proyectos educativos en las 172 escuelas t\u00e9cnicas p\u00fablicas y privadas del sistema santafesino. El acto se realiz\u00f3 este mi\u00e9rcoles en el Sal\u00f3n Blanco de la Casa de Gobierno, en la ciudad de Santa Fe, con la participaci\u00f3n de los ministros de Educaci\u00f3n, Jos\u00e9 Goity; de Desarrollo Productivo, Gustavo Puccini; y del secretario general de la Asociaci\u00f3n del Magisterio de Ense\u00f1anza T\u00e9cnica (AMET), Ernesto Cepeda.<\/p>\n<p>\u201cQueremos que las escuelas t\u00e9cnicas y agrot\u00e9cnicas cuenten con el equipamiento, la tecnolog\u00eda y la innovaci\u00f3n que necesitan para formar a nuestros j\u00f3venes\u201d, afirm\u00f3 Pullaro, quien remarc\u00f3 que estas instituciones \u201cson la herramienta para el desarrollo de la provincia de Santa Fe\u201d.<\/p>\n<p>En ese marco, el mandatario destac\u00f3 que en los primeros 26 meses de gesti\u00f3n se realizaron m\u00e1s de 6.000 intervenciones a trav\u00e9s del programa FANI en unos 2.500 establecimientos educativos. Adem\u00e1s, subray\u00f3 que el nuevo fondo contar\u00e1 con \u201cun piso de 3.500 millones de pesos en una primera etapa, que sextuplica los fondos que enviaba Naci\u00f3n\u201d, y que \u201cno tiene techo\u201d, en l\u00ednea con la apuesta al desarrollo productivo provincial.<\/p>\n<p><strong>Financiamiento para fortalecer la educaci\u00f3n t\u00e9cnica<\/strong><\/p>\n<p>La iniciativa contempla aportes econ\u00f3micos destinados a mejorar las condiciones institucionales y potenciar la educaci\u00f3n t\u00e9cnico-profesional. Entre sus objetivos se incluyen la actualizaci\u00f3n de talleres y laboratorios, la adquisici\u00f3n de equipamiento e insumos, el impulso a proyectos de innovaci\u00f3n tecnol\u00f3gica y el fortalecimiento de pr\u00e1cticas profesionalizantes.<\/p>\n<p>Al respecto, el ministro Goity se\u00f1al\u00f3 que \u201clas escuelas t\u00e9cnicas forman parte de la columna vertebral del proyecto educativo y productivo de la provincia\u201d, y advirti\u00f3 sobre \u201clas serias dificultades a nivel nacional en el financiamiento de los fondos que habitualmente se transfer\u00edan\u201d.<\/p>\n<p>Frente a ese escenario, remarc\u00f3 que la Provincia decidi\u00f3 intervenir: \u201cEs nuestra obligaci\u00f3n garantizar la formaci\u00f3n de los chicos y chicas y el trabajo docente, que se sostienen con infraestructura y financiamiento\u201d.<\/p>\n<p><strong>Vinculaci\u00f3n con la matriz productiva<\/strong><\/p>\n<p>Por su parte, Puccini defini\u00f3 al fondo como \u201cuna de las herramientas m\u00e1s importantes que pone en marcha el Gobierno Provincial\u201d, y sostuvo que permitir\u00e1 fortalecer una oferta educativa alineada con la matriz productiva santafesina, caracterizada por su diversidad y sus econom\u00edas regionales.<\/p>\n<p>Adem\u00e1s, indic\u00f3 que la medida se complementar\u00e1 con inversiones en ciencia, tecnolog\u00eda e innovaci\u00f3n, con el objetivo de mejorar la infraestructura educativa y acompa\u00f1ar al entramado productivo.<\/p>\n<p><strong>Acompa\u00f1amiento docente<\/strong><\/p>\n<p>En tanto, el secretario general de AMET, Ernesto Cepeda, calific\u00f3 la iniciativa como \u201cun d\u00eda hist\u00f3rico\u201d y valor\u00f3 el trabajo conjunto con el Gobierno Provincial. \u201cHay que celebrar esto porque parece mentira hoy en d\u00eda que patronal y gremio estemos haciendo algo en conjunto y celebr\u00e1ndolo\u201d, afirm\u00f3.<\/p>\n<p>Asimismo, advirti\u00f3 sobre el escenario nacional y la ca\u00edda de financiamiento, y sostuvo que la decisi\u00f3n provincial permite garantizar el funcionamiento del sistema: \u201cLas escuelas t\u00e9cnicas necesitan inversi\u00f3n y hoy en Santa Fe apareci\u00f3 la plata\u201d.<\/p>\n<p>En esa l\u00ednea, subray\u00f3 el impacto del programa en t\u00e9rminos productivos y laborales: \u201cEsto no solo apunta al desarrollo socioproductivo, sino tambi\u00e9n a garantizar la estabilidad laboral de nuestros compa\u00f1eros\u201d.<\/p>\n<p><strong>Participaci\u00f3n institucional<\/strong><\/p>\n<p>Del acto participaron el intendente de la ciudad de Santa Fe, Juan Pablo Poletti; los senadores provinciales Paco Garibaldi, Leticia Di Gregorio y Rodrigo Borla; diputados provinciales; autoridades de los ministerios de Educaci\u00f3n y Desarrollo Productivo; intendentes y presidentes comunales; concejales y representantes de escuelas t\u00e9cnicas y agrot\u00e9cnicas.<\/p>\n","protected":false},"excerpt":{"rendered":"<p>En un anuncio encabezado por el gobernador Maximiliano Pullaro, el Gobierno de Santa Fe puso en marcha el Fondo Provincial de Educaci\u00f3n T\u00e9cnica, con un piso de $ 3.500 millones. La medida, tomada ante la ca\u00edda de los env\u00edos nacionales, busca garantizar el funcionamiento, la actualizaci\u00f3n tecnol\u00f3gica y el desarrollo de las 172 escuelas t\u00e9cnicas.\u00a0 [&hellip;]<\/p>\n","protected":false},"author":3,"featured_media":70603,"comment_status":"open","ping_status":"open","sticky":false,"template":"","format":"standard","meta":{"_joinchat":[],"footnotes":""},"categories":[39,60],"tags":[],"class_list":{"0":"post-70602","1":"post","2":"type-post","3":"status-publish","4":"format-standard","5":"has-post-thumbnail","7":"category-educacion","8":"category-provinciales"},"_links":{"self":[{"href":"https:\/\/infovera.com.ar\/web\/wp-json\/wp\/v2\/posts\/70602","targetHints":{"allow":["GET"]}}],"collection":[{"href":"https:\/\/infovera.com.ar\/web\/wp-json\/wp\/v2\/posts"}],"about":[{"href":"https:\/\/infovera.com.ar\/web\/wp-json\/wp\/v2\/types\/post"}],"author":[{"embeddable":true,"href":"https:\/\/infovera.com.ar\/web\/wp-json\/wp\/v2\/users\/3"}],"replies":[{"embeddable":true,"href":"https:\/\/infovera.com.ar\/web\/wp-json\/wp\/v2\/comments?post=70602"}],"version-history":[{"count":0,"href":"https:\/\/infovera.com.ar\/web\/wp-json\/wp\/v2\/posts\/70602\/revisions"}],"wp:featuredmedia":[{"embeddable":true,"href":"https:\/\/infovera.com.ar\/web\/wp-json\/wp\/v2\/media\/70603"}],"wp:attachment":[{"href":"https:\/\/infovera.com.ar\/web\/wp-json\/wp\/v2\/media?parent=70602"}],"wp:term":[{"taxonomy":"category","embeddable":true,"href":"https:\/\/infovera.com.ar\/web\/wp-json\/wp\/v2\/categories?post=70602"},{"taxonomy":"post_tag","embeddable":true,"href":"https:\/\/infovera.com.ar\/web\/wp-json\/wp\/v2\/tags?post=70602"}],"curies":[{"name":"wp","href":"https:\/\/api.w.org\/{rel}","templated":true}]}}