{"id":70599,"date":"2026-03-18T12:31:08","date_gmt":"2026-03-18T15:31:08","guid":{"rendered":"https:\/\/infovera.com.ar\/web\/?p=70599"},"modified":"2026-03-18T12:31:08","modified_gmt":"2026-03-18T15:31:08","slug":"reconocieron-a-mujeres-de-calchaqui-en-el-encuentro-grandes-mujeres-en-reconquista","status":"publish","type":"post","link":"https:\/\/infovera.com.ar\/web\/2026\/03\/18\/reconocieron-a-mujeres-de-calchaqui-en-el-encuentro-grandes-mujeres-en-reconquista\/","title":{"rendered":"Reconocieron a mujeres de Calchaqu\u00ed en el encuentro \u201cGrandes Mujeres\u201d en Reconquista"},"content":{"rendered":"<p><strong>En la ciudad de Reconquista se llev\u00f3 a cabo el encuentro \u201cGrandes Mujeres\u201d, un espacio destinado a reconocer a mujeres santafesinas que, con su compromiso y trayectoria, han dejado una huella en sus comunidades.<\/strong><\/p>\n<p>Durante la jornada se destac\u00f3 el rol de mujeres que, desde distintos \u00e1mbitos, han contribuido al desarrollo social, acompa\u00f1ando, cuidando, ense\u00f1ando y generando cambios en sus entornos.<\/p>\n<p>En este marco, desde la ciudad de Calchaqu\u00ed fueron especialmente reconocidas Marta Villalba y Lina Baroni, quienes recibieron este homenaje por su labor y dedicaci\u00f3n.<\/p>\n<p><strong>La actividad cont\u00f3 con la participaci\u00f3n de la funcionario provincial Juliana Caillat, quien resalt\u00f3 la importancia de visibilizar estas historias y poner en valor el aporte cotidiano de las mujeres en cada localidad.<\/strong><\/p>\n<p>\u201cUna comunidad crece con el compromiso y la dedicaci\u00f3n de sus mujeres\u201d, destacaron durante el encuentro.<\/p>\n","protected":false},"excerpt":{"rendered":"<p>En la ciudad de Reconquista se llev\u00f3 a cabo el encuentro \u201cGrandes Mujeres\u201d, un espacio destinado a reconocer a mujeres santafesinas que, con su compromiso y trayectoria, han dejado una huella en sus comunidades. Durante la jornada se destac\u00f3 el rol de mujeres que, desde distintos \u00e1mbitos, han contribuido al desarrollo social, acompa\u00f1ando, cuidando, ense\u00f1ando [&hellip;]<\/p>\n","protected":false},"author":3,"featured_media":70600,"comment_status":"open","ping_status":"open","sticky":false,"template":"","format":"standard","meta":{"_joinchat":[],"footnotes":""},"categories":[52,36],"tags":[],"class_list":{"0":"post-70599","1":"post","2":"type-post","3":"status-publish","4":"format-standard","5":"has-post-thumbnail","7":"category-calchaqui","8":"category-sociedad"},"_links":{"self":[{"href":"https:\/\/infovera.com.ar\/web\/wp-json\/wp\/v2\/posts\/70599","targetHints":{"allow":["GET"]}}],"collection":[{"href":"https:\/\/infovera.com.ar\/web\/wp-json\/wp\/v2\/posts"}],"about":[{"href":"https:\/\/infovera.com.ar\/web\/wp-json\/wp\/v2\/types\/post"}],"author":[{"embeddable":true,"href":"https:\/\/infovera.com.ar\/web\/wp-json\/wp\/v2\/users\/3"}],"replies":[{"embeddable":true,"href":"https:\/\/infovera.com.ar\/web\/wp-json\/wp\/v2\/comments?post=70599"}],"version-history":[{"count":0,"href":"https:\/\/infovera.com.ar\/web\/wp-json\/wp\/v2\/posts\/70599\/revisions"}],"wp:featuredmedia":[{"embeddable":true,"href":"https:\/\/infovera.com.ar\/web\/wp-json\/wp\/v2\/media\/70600"}],"wp:attachment":[{"href":"https:\/\/infovera.com.ar\/web\/wp-json\/wp\/v2\/media?parent=70599"}],"wp:term":[{"taxonomy":"category","embeddable":true,"href":"https:\/\/infovera.com.ar\/web\/wp-json\/wp\/v2\/categories?post=70599"},{"taxonomy":"post_tag","embeddable":true,"href":"https:\/\/infovera.com.ar\/web\/wp-json\/wp\/v2\/tags?post=70599"}],"curies":[{"name":"wp","href":"https:\/\/api.w.org\/{rel}","templated":true}]}}