{"id":70597,"date":"2026-03-18T12:27:06","date_gmt":"2026-03-18T15:27:06","guid":{"rendered":"https:\/\/infovera.com.ar\/web\/?p=70597"},"modified":"2026-03-18T12:27:06","modified_gmt":"2026-03-18T15:27:06","slug":"upcn-abre-inscripciones-para-talleres-2026-en-vera-ultimas-vacantes-disponibles","status":"publish","type":"post","link":"https:\/\/infovera.com.ar\/web\/2026\/03\/18\/upcn-abre-inscripciones-para-talleres-2026-en-vera-ultimas-vacantes-disponibles\/","title":{"rendered":"UPCN abre inscripciones para talleres 2026 en Vera: \u00faltimas vacantes disponibles"},"content":{"rendered":"<p><strong>UPCN Delegaci\u00f3n Vera inform\u00f3 que ya se encuentran abiertas las inscripciones para los Talleres 2026, con cupos limitados.<\/strong><\/p>\n<p>Las inscripciones comenzaron el 18 de marzo y se realizan en la sede ubicada en San Mart\u00edn 1343, en los horarios de 8:30 a 12:00 y de 17:00 a 19:00.<\/p>\n<p>Seg\u00fan indicaron, las clases dar\u00e1n inicio en el mes de abril, por lo que invitan a los interesados a acercarse lo antes posible ya que quedan \u00faltimos lugares disponibles.<\/p>\n<p><strong>Oferta de talleres<\/strong><\/p>\n<p>La propuesta formativa incluye una amplia variedad de opciones:<\/p>\n<p>Reparaci\u00f3n de electrodom\u00e9sticos<br \/>\nElectricidad domiciliaria<br \/>\nReparaci\u00f3n de PC<br \/>\nComputaci\u00f3n profesional<br \/>\nBarber\u00eda<br \/>\nPeluquer\u00eda integral<br \/>\nManicur\u00eda profesional<br \/>\nDise\u00f1o de cejas y pesta\u00f1as<br \/>\nMakeup<br \/>\nMasajes descontracturantes<br \/>\nCocina<br \/>\nPanader\u00eda y pasteler\u00eda<br \/>\nGuitarra<br \/>\nArte y pintura<\/p>\n<p>Desde la organizaci\u00f3n destacaron que estos espacios buscan brindar herramientas de capacitaci\u00f3n laboral y desarrollo personal, generando oportunidades para vecinos de todas las edades.<\/p>\n","protected":false},"excerpt":{"rendered":"<p>UPCN Delegaci\u00f3n Vera inform\u00f3 que ya se encuentran abiertas las inscripciones para los Talleres 2026, con cupos limitados. Las inscripciones comenzaron el 18 de marzo y se realizan en la sede ubicada en San Mart\u00edn 1343, en los horarios de 8:30 a 12:00 y de 17:00 a 19:00. Seg\u00fan indicaron, las clases dar\u00e1n inicio en [&hellip;]<\/p>\n","protected":false},"author":3,"featured_media":52308,"comment_status":"open","ping_status":"open","sticky":false,"template":"","format":"standard","meta":{"_joinchat":[],"footnotes":""},"categories":[53],"tags":[],"class_list":{"0":"post-70597","1":"post","2":"type-post","3":"status-publish","4":"format-standard","5":"has-post-thumbnail","7":"category-vera"},"_links":{"self":[{"href":"https:\/\/infovera.com.ar\/web\/wp-json\/wp\/v2\/posts\/70597","targetHints":{"allow":["GET"]}}],"collection":[{"href":"https:\/\/infovera.com.ar\/web\/wp-json\/wp\/v2\/posts"}],"about":[{"href":"https:\/\/infovera.com.ar\/web\/wp-json\/wp\/v2\/types\/post"}],"author":[{"embeddable":true,"href":"https:\/\/infovera.com.ar\/web\/wp-json\/wp\/v2\/users\/3"}],"replies":[{"embeddable":true,"href":"https:\/\/infovera.com.ar\/web\/wp-json\/wp\/v2\/comments?post=70597"}],"version-history":[{"count":0,"href":"https:\/\/infovera.com.ar\/web\/wp-json\/wp\/v2\/posts\/70597\/revisions"}],"wp:featuredmedia":[{"embeddable":true,"href":"https:\/\/infovera.com.ar\/web\/wp-json\/wp\/v2\/media\/52308"}],"wp:attachment":[{"href":"https:\/\/infovera.com.ar\/web\/wp-json\/wp\/v2\/media?parent=70597"}],"wp:term":[{"taxonomy":"category","embeddable":true,"href":"https:\/\/infovera.com.ar\/web\/wp-json\/wp\/v2\/categories?post=70597"},{"taxonomy":"post_tag","embeddable":true,"href":"https:\/\/infovera.com.ar\/web\/wp-json\/wp\/v2\/tags?post=70597"}],"curies":[{"name":"wp","href":"https:\/\/api.w.org\/{rel}","templated":true}]}}