{"id":70575,"date":"2026-03-17T18:27:51","date_gmt":"2026-03-17T21:27:51","guid":{"rendered":"https:\/\/infovera.com.ar\/web\/?p=70575"},"modified":"2026-03-17T18:27:51","modified_gmt":"2026-03-17T21:27:51","slug":"mesa-de-agricultura-familiar-avanzan-en-una-agenda-comun-y-politicas-concretas-para-el-sector","status":"publish","type":"post","link":"https:\/\/infovera.com.ar\/web\/2026\/03\/17\/mesa-de-agricultura-familiar-avanzan-en-una-agenda-comun-y-politicas-concretas-para-el-sector\/","title":{"rendered":"Mesa de agricultura familiar: avanzan en una agenda com\u00fan y pol\u00edticas concretas para el sector"},"content":{"rendered":"<p>Este martes se realiz\u00f3 la Mesa Provincial de Agricultura Familiar en la Estancia Las Gamas, con la participaci\u00f3n de funcionarios del Ministerio de Desarrollo Productivo, entre ellos el secretario *Ignacio M\u00e1ntaras*, el diputado provincial *Sergio \u201cChiqui\u201d Rojas*, autoridades y referentes locales, organizaciones del sector, familias campesinas y peque\u00f1os productores de la regi\u00f3n.<\/p>\n<p>El encuentro permiti\u00f3 dar continuidad a la agenda de trabajo iniciada en reuniones anteriores, con el objetivo de consolidar este espacio como \u00e1mbito de articulaci\u00f3n para el desarrollo de pol\u00edticas p\u00fablicas sostenidas. Se destac\u00f3 la participaci\u00f3n de funcionarios provinciales y la disposici\u00f3n para avanzar en acciones concretas, as\u00ed como la firme decisi\u00f3n del gobierno provincial de ocuparse de los espacios que abandon\u00f3 Naci\u00f3n.<\/p>\n<p>Entre los principales ejes se definieron el fortalecimiento del financiamiento y la asistencia t\u00e9cnica, la inversi\u00f3n en infraestructura rural y el impulso a herramientas que favorezcan la producci\u00f3n y el arraigo en el norte santafesino. Tambi\u00e9n se acord\u00f3 abrir el espacio a distintos sectores como Desarrollo Social, Educaci\u00f3n e Infraestructura, incorporando una visi\u00f3n amplia e integral.<\/p>\n<p>La educaci\u00f3n rural fue otro de los temas centrales. Rojas advirti\u00f3 sobre el impacto de la baja de categor\u00eda y el cierre de escuelas en comunidades rurales, se\u00f1alando que estas instituciones cumplen un rol central en las peque\u00f1as localidades que excede lo educativo, y propuso incorporar esta problem\u00e1tica de manera permanente en la agenda, junto con el desarrollo de nuevas propuestas formativas vinculadas a la producci\u00f3n local.<\/p>\n<p>La jornada cerr\u00f3 con el compromiso de sostener el espacio de trabajo y avanzar en una agenda com\u00fan que fortalezca el desarrollo rural y la permanencia de las familias en sus comunidades.<\/p>\n","protected":false},"excerpt":{"rendered":"<p>Este martes se realiz\u00f3 la Mesa Provincial de Agricultura Familiar en la Estancia Las Gamas, con la participaci\u00f3n de funcionarios del Ministerio de Desarrollo Productivo, entre ellos el secretario *Ignacio M\u00e1ntaras*, el diputado provincial *Sergio \u201cChiqui\u201d Rojas*, autoridades y referentes locales, organizaciones del sector, familias campesinas y peque\u00f1os productores de la regi\u00f3n. El encuentro permiti\u00f3 [&hellip;]<\/p>\n","protected":false},"author":3,"featured_media":70576,"comment_status":"open","ping_status":"open","sticky":false,"template":"","format":"standard","meta":{"_joinchat":[],"footnotes":""},"categories":[53],"tags":[],"class_list":{"0":"post-70575","1":"post","2":"type-post","3":"status-publish","4":"format-standard","5":"has-post-thumbnail","7":"category-vera"},"_links":{"self":[{"href":"https:\/\/infovera.com.ar\/web\/wp-json\/wp\/v2\/posts\/70575","targetHints":{"allow":["GET"]}}],"collection":[{"href":"https:\/\/infovera.com.ar\/web\/wp-json\/wp\/v2\/posts"}],"about":[{"href":"https:\/\/infovera.com.ar\/web\/wp-json\/wp\/v2\/types\/post"}],"author":[{"embeddable":true,"href":"https:\/\/infovera.com.ar\/web\/wp-json\/wp\/v2\/users\/3"}],"replies":[{"embeddable":true,"href":"https:\/\/infovera.com.ar\/web\/wp-json\/wp\/v2\/comments?post=70575"}],"version-history":[{"count":0,"href":"https:\/\/infovera.com.ar\/web\/wp-json\/wp\/v2\/posts\/70575\/revisions"}],"wp:featuredmedia":[{"embeddable":true,"href":"https:\/\/infovera.com.ar\/web\/wp-json\/wp\/v2\/media\/70576"}],"wp:attachment":[{"href":"https:\/\/infovera.com.ar\/web\/wp-json\/wp\/v2\/media?parent=70575"}],"wp:term":[{"taxonomy":"category","embeddable":true,"href":"https:\/\/infovera.com.ar\/web\/wp-json\/wp\/v2\/categories?post=70575"},{"taxonomy":"post_tag","embeddable":true,"href":"https:\/\/infovera.com.ar\/web\/wp-json\/wp\/v2\/tags?post=70575"}],"curies":[{"name":"wp","href":"https:\/\/api.w.org\/{rel}","templated":true}]}}