{"id":70568,"date":"2026-03-17T14:19:57","date_gmt":"2026-03-17T17:19:57","guid":{"rendered":"https:\/\/infovera.com.ar\/web\/?p=70568"},"modified":"2026-03-18T17:36:54","modified_gmt":"2026-03-18T20:36:54","slug":"destacan-el-rol-de-estudiantes-de-fortin-olmos-que-impulsaron-el-reclamo-por-el-puente-del-arroyo-golondrina","status":"publish","type":"post","link":"https:\/\/infovera.com.ar\/web\/2026\/03\/17\/destacan-el-rol-de-estudiantes-de-fortin-olmos-que-impulsaron-el-reclamo-por-el-puente-del-arroyo-golondrina\/","title":{"rendered":"Destacan el rol de estudiantes de Fort\u00edn Olmos que impulsaron el reclamo por el puente del arroyo Golondrina"},"content":{"rendered":"<p><strong>Desde la Comuna de Fort\u00edn Olmos destacaron la participaci\u00f3n de estudiantes de la localidad que, en el marco del programa \u201cDiputados por un D\u00eda\u201d, plantearon la necesidad de mejorar la infraestructura del puente sobre el arroyo Golondrina, una problem\u00e1tica hist\u00f3rica para la regi\u00f3n.<\/strong><\/p>\n<p>La iniciativa se dio tiempo atr\u00e1s cuando tres alumnos de la localidad participaron de esta experiencia educativa que permite a j\u00f3venes presentar propuestas y expresar inquietudes vinculadas a sus comunidades.<\/p>\n<p>En aquella oportunidad, los estudiantes llevaron al recinto legislativo una preocupaci\u00f3n concreta: el estado del puente del arroyo Golondrina, una estructura clave para la conectividad de la zona rural y el tr\u00e1nsito cotidiano de vecinos y productores.<\/p>\n<p>Seg\u00fan se\u00f1alaron desde la comuna, los j\u00f3venes expusieron la situaci\u00f3n con compromiso, respeto y claridad, poniendo en agenda una obra que resulta fundamental para la seguridad y la comunicaci\u00f3n entre distintas localidades de la regi\u00f3n.<\/p>\n<p>En ese contexto, esta semana se produjo un avance importante, ya que se firm\u00f3 el convenio para el refuerzo estructural de los puentes, una obra considerada clave para mejorar la conectividad y la seguridad de quienes circulan por el sector.<\/p>\n<div style=\"width: 696px;\" class=\"wp-video\"><video class=\"wp-video-shortcode\" id=\"video-70568-1\" width=\"696\" height=\"1237\" preload=\"metadata\" controls=\"controls\"><source type=\"video\/mp4\" src=\"https:\/\/infovera.com.ar\/web\/wp-content\/uploads\/2026\/03\/AQNMExcr115KpJaYtlMzHb4u9l6WxrMVTJpJYD9vEBj7NfTRr40-sG3LF9tMGgEJifTbarxZ-XILN2wLCEa8C_YchjcwLCS7r48iPXXKJzUDvw-1.mp4?_=1\" \/><a href=\"https:\/\/infovera.com.ar\/web\/wp-content\/uploads\/2026\/03\/AQNMExcr115KpJaYtlMzHb4u9l6WxrMVTJpJYD9vEBj7NfTRr40-sG3LF9tMGgEJifTbarxZ-XILN2wLCEa8C_YchjcwLCS7r48iPXXKJzUDvw-1.mp4\">https:\/\/infovera.com.ar\/web\/wp-content\/uploads\/2026\/03\/AQNMExcr115KpJaYtlMzHb4u9l6WxrMVTJpJYD9vEBj7NfTRr40-sG3LF9tMGgEJifTbarxZ-XILN2wLCEa8C_YchjcwLCS7r48iPXXKJzUDvw-1.mp4<\/a><\/video><\/div>\n<p>Desde el gobierno comunal resaltaron que este hecho tambi\u00e9n demuestra la importancia de generar espacios de participaci\u00f3n para los j\u00f3venes, donde puedan expresar sus ideas y aportar soluciones a problem\u00e1ticas reales de su comunidad.<\/p>\n<p>Adem\u00e1s, compartieron un video donde se pueden ver las exposiciones realizadas por los alumnos durante su participaci\u00f3n en el programa legislativo.<\/p>\n","protected":false},"excerpt":{"rendered":"<p>Desde la Comuna de Fort\u00edn Olmos destacaron la participaci\u00f3n de estudiantes de la localidad que, en el marco del programa \u201cDiputados por un D\u00eda\u201d, plantearon la necesidad de mejorar la infraestructura del puente sobre el arroyo Golondrina, una problem\u00e1tica hist\u00f3rica para la regi\u00f3n. La iniciativa se dio tiempo atr\u00e1s cuando tres alumnos de la localidad [&hellip;]<\/p>\n","protected":false},"author":3,"featured_media":70570,"comment_status":"open","ping_status":"open","sticky":false,"template":"","format":"standard","meta":{"_joinchat":[],"footnotes":""},"categories":[51,29],"tags":[],"class_list":{"0":"post-70568","1":"post","2":"type-post","3":"status-publish","4":"format-standard","5":"has-post-thumbnail","7":"category-locales","8":"category-obras"},"_links":{"self":[{"href":"https:\/\/infovera.com.ar\/web\/wp-json\/wp\/v2\/posts\/70568","targetHints":{"allow":["GET"]}}],"collection":[{"href":"https:\/\/infovera.com.ar\/web\/wp-json\/wp\/v2\/posts"}],"about":[{"href":"https:\/\/infovera.com.ar\/web\/wp-json\/wp\/v2\/types\/post"}],"author":[{"embeddable":true,"href":"https:\/\/infovera.com.ar\/web\/wp-json\/wp\/v2\/users\/3"}],"replies":[{"embeddable":true,"href":"https:\/\/infovera.com.ar\/web\/wp-json\/wp\/v2\/comments?post=70568"}],"version-history":[{"count":0,"href":"https:\/\/infovera.com.ar\/web\/wp-json\/wp\/v2\/posts\/70568\/revisions"}],"wp:featuredmedia":[{"embeddable":true,"href":"https:\/\/infovera.com.ar\/web\/wp-json\/wp\/v2\/media\/70570"}],"wp:attachment":[{"href":"https:\/\/infovera.com.ar\/web\/wp-json\/wp\/v2\/media?parent=70568"}],"wp:term":[{"taxonomy":"category","embeddable":true,"href":"https:\/\/infovera.com.ar\/web\/wp-json\/wp\/v2\/categories?post=70568"},{"taxonomy":"post_tag","embeddable":true,"href":"https:\/\/infovera.com.ar\/web\/wp-json\/wp\/v2\/tags?post=70568"}],"curies":[{"name":"wp","href":"https:\/\/api.w.org\/{rel}","templated":true}]}}