{"id":70551,"date":"2026-03-16T19:16:46","date_gmt":"2026-03-16T22:16:46","guid":{"rendered":"https:\/\/infovera.com.ar\/web\/?p=70551"},"modified":"2026-03-21T17:53:08","modified_gmt":"2026-03-21T20:53:08","slug":"quienes-son-los-6-detenidos-por-agredir-tiros-a-jovenes-de-vera","status":"publish","type":"post","link":"https:\/\/infovera.com.ar\/web\/2026\/03\/16\/quienes-son-los-6-detenidos-por-agredir-tiros-a-jovenes-de-vera\/","title":{"rendered":"Qui\u00e9nes son los 6 detenidos por agredir tiros a j\u00f3venes de Vera"},"content":{"rendered":"<p><strong>Interviene el fiscal Sebasti\u00e1n Galeano del Ministerio P\u00fablico de la Acusaci\u00f3n, Fiscal\u00eda de Vera.<\/strong><\/p>\n<p>La Polic\u00eda de Investigaciones (PDI), dependiente del Ministerio de Justicia y Seguridad de la Provincia de Santa Fe, en el d\u00eda de ayer, llev\u00f3 adelante dos allanamientos en la ciudad de Vera en el marco de una investigaci\u00f3n por el delito de Lesiones Leves Dolosas con Arma de Fuego.<\/p>\n<p>Las medidas fueron realizadas por personal de la Direcci\u00f3n Operativa Regi\u00f3n IV \u2013 Distrito Vera, con la colaboraci\u00f3n del Grupo de Operaciones T\u00e1cticas (GOT) de la Unidad Regional XIX, en cumplimiento de \u00f3rdenes judiciales dispuestas por la autoridad competente.<\/p>\n<p>En fecha 14 de marzo de 2026, aproximadamente a las 7, personal policial<br \/>\nintervino en un hecho ocurrido en calle J. V. Gim\u00e9nez al 2500 de la ciudad de Vera,<br \/>\ndonde un grupo de personas fue agredido mediante disparos de arma de fuego<br \/>\nefectuados contra ellas y otros elementos contundentes.<\/p>\n<p>Uno de los procedimientos tuvo lugar en una vivienda ubicada en calle L<strong>avalle al 3400,<\/strong> donde los efectivos realizaron el secuestro de cuatro tel\u00e9fonos celulares de distintas marcas, una mira telesc\u00f3pica y un rifle de aire comprimido marca Castor, el cual presentaba da\u00f1os visibles.<\/p>\n<p><strong>El segundo allanamiento se llev\u00f3 a cabo en un domicilio situado en la intersecci\u00f3n de Soldado G\u00f3mez y Pasaje P\u00fablico al 2500<\/strong>, donde reside <strong>Juan David Acevedo<\/strong>, de 20 a\u00f1os, quien fue aprehendido, en el marco de la investigaci\u00f3n. Durante la requisa se secuestr\u00f3 un tel\u00e9fono celular marca Noblex y un cartucho de escopeta calibre 16 marca Orbea.<\/p>\n<p>Los elementos incautados fueron trasladados a sede policial a los fines de continuar con las diligencias investigativas correspondientes.<\/p>\n<p>Por disposici\u00f3n del fiscal interviniente, fue notificado de sus derechos en calidad de detenido y qued\u00f3 a disposici\u00f3n de la justicia, mientras que la investigaci\u00f3n continu\u00f3 con el objetivo de esclarecer completamente el hecho y determinar la participaci\u00f3n de los involucrados.<\/p>\n<p>En el d\u00eda de la fecha, personal llev\u00f3 adelante con la efectivizaci\u00f3n de las \u00f3rdenes de detenci\u00f3n que pesan sobre S<strong>ebasti\u00e1n Gonz\u00e1lez, Antonio Acevedo, alias Chueco; An\u00edbal Pereyra, C\u00e9sar Salinas, Rodrigo Franzoy<\/strong>, todos mayores de edad, quienes fueron alojados en dependencia policial y a disposici\u00f3n de la justicia interviniente.<\/p>\n<p>De acuerdo a la investigaci\u00f3n a la que tuvo acceso<strong> InfoVera<\/strong>, surgi\u00f3 que Antonio Rolando Acevedo y Juan David Acevedo, portando armas de fuego, habr\u00edan efectuado disparos contra el grupo de v\u00edctimas mediante la utilizaci\u00f3n de una escopeta y un arma de fabricaci\u00f3n casera tipo \u201ctumbera\u201d, impactando perdigones en algunas de las v\u00edctimas y provoc\u00e1ndoles lesiones de car\u00e1cter leve, quedando uno de los agredidos internado para su atenci\u00f3n m\u00e9dica.<\/p>\n<p>Asimismo, en ese contexto Franzoy Rodrigo Alexander, Pereyra An\u00edbal, Gonz\u00e1lez Sebasti\u00e1n y Salinas C\u00e9sar habr\u00edan participado activamente de la agresi\u00f3n, portando palos, machetes y otros elementos contundentes, actuando conjuntamente con los mencionados Acevedo.<\/p>\n<p>En el lugar del hecho personal policial procedi\u00f3 al levantamiento de cartuchos y<br \/>\nelementos bal\u00edsticos, compatibles con los disparos denunciados, como as\u00ed tambi\u00e9n un<br \/>\nmachete y partes de un arma de fabricaci\u00f3n casera.<\/p>\n<p><strong>Como consecuencia de dicho episodio resultaron v\u00edctimas Maximiliano Ram\u00edrez, J\u00e9sica Ver\u00f3n, Luciano Ver\u00f3n y E. G., esta \u00faltima menor de edad.<\/strong><\/p>\n<p><strong>Varios de los imputados registran antecedentes policiales y judiciales por hechos de violencia y delitos contra la propiedad:<\/strong><\/p>\n<p><strong>FRANZOY RODRIGO ALEXANDER<\/strong> registra antecedente por lesiones graves dolosas (2021), ocurrido en la ciudad de Vera, con intervenci\u00f3n del Juzgado de Menores de Reconquista.<\/p>\n<p><strong>PEREYRA ANIBAL<\/strong> registra antecedentes por robo calificado, hurto calificado, robo agravado, lesiones leves y resistencia a la autoridad, en distintos hechos<br \/>\nocurridos en la ciudad de Vera.<\/p>\n<p><strong>GONZALEZ SEBASTIAN<\/strong> registra antecedentes por violaci\u00f3n de domicilio, lesiones leves, da\u00f1o y hurto calificado, con intervenci\u00f3n de la Unidad Fiscal de Vera.<\/p>\n<p><strong>SALINAS C\u00c9SAR<\/strong>, alias \u201cChurri\u201d, registra antecedentes por hurto calificado, lesiones leves, desobediencia judicial y robo, con intervenci\u00f3n de la Fiscal\u00eda de<br \/>\nVera.<\/p>\n<p>Para los investigadores, estos antecedentes evidencian una reiterada vinculaci\u00f3n con hechos de violencia y conflictividad penal, lo cual constituye un elemento relevante para valorar el riesgo de reiteraci\u00f3n delictiva y entorpecimiento del proceso, lo que refuerza la necesidad de disponer la detenci\u00f3n de los imputados a fin de asegurar su sujeci\u00f3n al proceso penal.<\/p>\n<p><strong>Delitos<\/strong><\/p>\n<p>Los detenidos enfrentan cargos por abuso de armas en calidad de coautores.<\/p>\n<p>Para la Fiscal\u00eda, <strong>la presencia coordinada de los imputados portando armas blancas y elementos contundentes gener\u00f3 un contexto de intimidaci\u00f3n colectiva que permiti\u00f3 y facilit\u00f3 la ejecuci\u00f3n de los disparos de arma de fuego,<\/strong> configur\u00e1ndose de este modo un supuesto de coautor\u00eda funcional del hecho, en tanto cada uno de los intervinientes realiz\u00f3 un aporte relevante al desarrollo del ataque.<\/p>\n<p>Asimismo, respecto de Antonio Rolando Acevedo, quien habr\u00eda efectuado disparos<br \/>\nmediante la utilizaci\u00f3n de una escopeta, su conducta fue encuadrada provisoriamente en el delito de portaci\u00f3n ileg\u00edtima de arma de fuego de uso civil, en concurso real con el delito de abuso de armas.<\/p>\n","protected":false},"excerpt":{"rendered":"<p>Interviene el fiscal Sebasti\u00e1n Galeano del Ministerio P\u00fablico de la Acusaci\u00f3n, Fiscal\u00eda de Vera. La Polic\u00eda de Investigaciones (PDI), dependiente del Ministerio de Justicia y Seguridad de la Provincia de Santa Fe, en el d\u00eda de ayer, llev\u00f3 adelante dos allanamientos en la ciudad de Vera en el marco de una investigaci\u00f3n por el delito [&hellip;]<\/p>\n","protected":false},"author":3,"featured_media":70552,"comment_status":"open","ping_status":"open","sticky":false,"template":"","format":"standard","meta":{"_joinchat":[],"footnotes":""},"categories":[30,53],"tags":[],"class_list":{"0":"post-70551","1":"post","2":"type-post","3":"status-publish","4":"format-standard","5":"has-post-thumbnail","7":"category-policiales","8":"category-vera"},"_links":{"self":[{"href":"https:\/\/infovera.com.ar\/web\/wp-json\/wp\/v2\/posts\/70551","targetHints":{"allow":["GET"]}}],"collection":[{"href":"https:\/\/infovera.com.ar\/web\/wp-json\/wp\/v2\/posts"}],"about":[{"href":"https:\/\/infovera.com.ar\/web\/wp-json\/wp\/v2\/types\/post"}],"author":[{"embeddable":true,"href":"https:\/\/infovera.com.ar\/web\/wp-json\/wp\/v2\/users\/3"}],"replies":[{"embeddable":true,"href":"https:\/\/infovera.com.ar\/web\/wp-json\/wp\/v2\/comments?post=70551"}],"version-history":[{"count":0,"href":"https:\/\/infovera.com.ar\/web\/wp-json\/wp\/v2\/posts\/70551\/revisions"}],"wp:featuredmedia":[{"embeddable":true,"href":"https:\/\/infovera.com.ar\/web\/wp-json\/wp\/v2\/media\/70552"}],"wp:attachment":[{"href":"https:\/\/infovera.com.ar\/web\/wp-json\/wp\/v2\/media?parent=70551"}],"wp:term":[{"taxonomy":"category","embeddable":true,"href":"https:\/\/infovera.com.ar\/web\/wp-json\/wp\/v2\/categories?post=70551"},{"taxonomy":"post_tag","embeddable":true,"href":"https:\/\/infovera.com.ar\/web\/wp-json\/wp\/v2\/tags?post=70551"}],"curies":[{"name":"wp","href":"https:\/\/api.w.org\/{rel}","templated":true}]}}