{"id":70547,"date":"2026-03-17T07:47:23","date_gmt":"2026-03-17T10:47:23","guid":{"rendered":"https:\/\/infovera.com.ar\/web\/?p=70547"},"modified":"2026-03-18T12:28:14","modified_gmt":"2026-03-18T15:28:14","slug":"evaluan-el-potencial-del-pasto-elefante-enano-kurumi-en-el-norte-de-santa-fe","status":"publish","type":"post","link":"https:\/\/infovera.com.ar\/web\/2026\/03\/17\/evaluan-el-potencial-del-pasto-elefante-enano-kurumi-en-el-norte-de-santa-fe\/","title":{"rendered":"Eval\u00faan el potencial del pasto elefante enano \u201cKurumi\u201d en el norte de Santa Fe"},"content":{"rendered":"<p><strong>El funcionario del Ministerio de la Producci\u00f3n de la provincia de Santa Fe, Facundo Ferraris, inform\u00f3 sobre los avances en la implantaci\u00f3n del pasto elefante enano cultivar \u201cKurumi\u201d en el establecimiento Las Gamas (Vera), una especie forrajera que podr\u00eda aportar importantes beneficios para la producci\u00f3n ganadera en el norte provincial.<\/strong><\/p>\n<p>Seg\u00fan explic\u00f3 Ferraris, durante 2024 y 2025 se llev\u00f3 adelante la introducci\u00f3n y plantaci\u00f3n de esta especie vegetal, que se reproduce mediante trozos de tallo y fue mejorada en Brasil.<\/p>\n<p>El cultivo ya hab\u00eda sido probado durante varios a\u00f1os en el COE Tacuarend\u00ed, donde mostr\u00f3 buenos resultados, y actualmente se encuentra en proceso de adaptaci\u00f3n a las condiciones productivas del norte santafesino.<\/p>\n<p>\u201cSe estar\u00eda adaptando bastante bien en el norte de la provincia, ofreciendo una importante cantidad de materia seca por hect\u00e1rea, estimada entre 18 y 20 toneladas por hect\u00e1rea al a\u00f1o, con un contenido de prote\u00edna bruta cercano al 9,5 %\u201d, explic\u00f3.<\/p>\n<p><strong>Un semillero para productores<\/strong><\/p>\n<p>El primer objetivo del proyecto fue implantar una peque\u00f1a superficie que funcione como semillero, con el fin de generar material vegetal que permita ampliar las plantaciones en el futuro.<\/p>\n<p>Adem\u00e1s, la iniciativa apunta a que productores de la regi\u00f3n puedan acceder a este material para probar su utilizaci\u00f3n en sus propios sistemas productivos.<\/p>\n<p><strong>El desaf\u00edo de la mecanizaci\u00f3n<\/strong><\/p>\n<p>Ferraris tambi\u00e9n indic\u00f3 que actualmente no existe maquinaria espec\u00edfica para implantar este pasto a gran escala, por lo que las plantaciones se realizan de forma manual.<\/p>\n<p>A pesar de esta dificultad,<strong> destac\u00f3 que el esfuerzo vale la pena porque se trata de una pastura perenne, con capacidad de producci\u00f3n sostenida a lo largo del tiempo.<\/strong><\/p>\n<p>En ese sentido, el pr\u00f3ximo paso del proyecto ser\u00e1 desarrollar una m\u00e1quina que permita realizar la plantaci\u00f3n de manera mecanizada y a mayor escala, facilitando su adopci\u00f3n por parte de los productores ganaderos de la regi\u00f3n.<\/p>\n","protected":false},"excerpt":{"rendered":"<p>El funcionario del Ministerio de la Producci\u00f3n de la provincia de Santa Fe, Facundo Ferraris, inform\u00f3 sobre los avances en la implantaci\u00f3n del pasto elefante enano cultivar \u201cKurumi\u201d en el establecimiento Las Gamas (Vera), una especie forrajera que podr\u00eda aportar importantes beneficios para la producci\u00f3n ganadera en el norte provincial. Seg\u00fan explic\u00f3 Ferraris, durante 2024 [&hellip;]<\/p>\n","protected":false},"author":3,"featured_media":70548,"comment_status":"open","ping_status":"open","sticky":false,"template":"","format":"standard","meta":{"_joinchat":[],"footnotes":""},"categories":[48,53],"tags":[],"class_list":{"0":"post-70547","1":"post","2":"type-post","3":"status-publish","4":"format-standard","5":"has-post-thumbnail","7":"category-produccion","8":"category-vera"},"_links":{"self":[{"href":"https:\/\/infovera.com.ar\/web\/wp-json\/wp\/v2\/posts\/70547","targetHints":{"allow":["GET"]}}],"collection":[{"href":"https:\/\/infovera.com.ar\/web\/wp-json\/wp\/v2\/posts"}],"about":[{"href":"https:\/\/infovera.com.ar\/web\/wp-json\/wp\/v2\/types\/post"}],"author":[{"embeddable":true,"href":"https:\/\/infovera.com.ar\/web\/wp-json\/wp\/v2\/users\/3"}],"replies":[{"embeddable":true,"href":"https:\/\/infovera.com.ar\/web\/wp-json\/wp\/v2\/comments?post=70547"}],"version-history":[{"count":0,"href":"https:\/\/infovera.com.ar\/web\/wp-json\/wp\/v2\/posts\/70547\/revisions"}],"wp:featuredmedia":[{"embeddable":true,"href":"https:\/\/infovera.com.ar\/web\/wp-json\/wp\/v2\/media\/70548"}],"wp:attachment":[{"href":"https:\/\/infovera.com.ar\/web\/wp-json\/wp\/v2\/media?parent=70547"}],"wp:term":[{"taxonomy":"category","embeddable":true,"href":"https:\/\/infovera.com.ar\/web\/wp-json\/wp\/v2\/categories?post=70547"},{"taxonomy":"post_tag","embeddable":true,"href":"https:\/\/infovera.com.ar\/web\/wp-json\/wp\/v2\/tags?post=70547"}],"curies":[{"name":"wp","href":"https:\/\/api.w.org\/{rel}","templated":true}]}}