{"id":70544,"date":"2026-03-16T14:24:28","date_gmt":"2026-03-16T17:24:28","guid":{"rendered":"https:\/\/infovera.com.ar\/web\/?p=70544"},"modified":"2026-03-16T14:24:28","modified_gmt":"2026-03-16T17:24:28","slug":"sosa-la-nueva-ley-de-municipios-y-comunas-en-fruto-del-consenso","status":"publish","type":"post","link":"https:\/\/infovera.com.ar\/web\/2026\/03\/16\/sosa-la-nueva-ley-de-municipios-y-comunas-en-fruto-del-consenso\/","title":{"rendered":"Sosa: &#8220;La nueva Ley de Municipios y Comunas en fruto del consenso&#8221;"},"content":{"rendered":"<p><strong>Luego de un largo tratamiento, el Senado dio sanci\u00f3n al proyecto que va camino a ser la nueva Ley de Municipios y Comunas<\/strong><\/p>\n<p>En este sentido, el senador por Vera, Osvaldo Sosa, detall\u00f3 algunos aportes brindados por el bloque opositor que tienden a \u201cpreservar las distintas dimensiones de la autonom\u00eda municipal, estableciendo principios generales orientadores para su implementaci\u00f3n a trav\u00e9s de la propia capacidad de legislar, administrar y dirigir la gesti\u00f3n\u201d.<\/p>\n<p>Expres\u00f3 tambi\u00e9n que \u201cen el debate hemos tenido coincidencias fundamentales en aspectos espec\u00edficos como la transferencia de competencias provinciales, servicios p\u00fablicos, planificaci\u00f3n territorial, desarrollo productivo local, defensa de usuarios y consumidores, Educaci\u00f3n, Derecho a la ciudad, Patrimonio Cultural, seguridad y convivencia ciudadana, entre otros\u201d.<\/p>\n<p>\u201cA pesar de las diferencias, el trabajo legislativo incluy\u00f3 reuniones, jornadas de intercambio y consultas que permitieron alcanzar niveles importantes de acuerdo para avanzar en el tratamiento de una Ley Org\u00e1nica que fortalezca la autonom\u00eda local y permita continuar con el debate parlamentario para su sanci\u00f3n definitiva\u201d, agreg\u00f3.<\/p>\n<p>La aprobaci\u00f3n del proyecto en el Senado \u201cfue un paso importante para adecuar la normativa al marco de la nueva Constituci\u00f3n y quiero destacar la madurez pol\u00edtica y el trabajo articulado entre los distintos espacios, que permiti\u00f3 construir consensos y avanzar en una ley clave para fortalecer a nuestros gobiernos locales y a la institucionalidad democr\u00e1tica\u201d, concluy\u00f3.<\/p>\n<p>Letyana Press<\/p>\n","protected":false},"excerpt":{"rendered":"<p>Luego de un largo tratamiento, el Senado dio sanci\u00f3n al proyecto que va camino a ser la nueva Ley de Municipios y Comunas En este sentido, el senador por Vera, Osvaldo Sosa, detall\u00f3 algunos aportes brindados por el bloque opositor que tienden a \u201cpreservar las distintas dimensiones de la autonom\u00eda municipal, estableciendo principios generales orientadores [&hellip;]<\/p>\n","protected":false},"author":3,"featured_media":70545,"comment_status":"open","ping_status":"open","sticky":false,"template":"","format":"standard","meta":{"_joinchat":[],"footnotes":""},"categories":[53],"tags":[],"class_list":{"0":"post-70544","1":"post","2":"type-post","3":"status-publish","4":"format-standard","5":"has-post-thumbnail","7":"category-vera"},"_links":{"self":[{"href":"https:\/\/infovera.com.ar\/web\/wp-json\/wp\/v2\/posts\/70544","targetHints":{"allow":["GET"]}}],"collection":[{"href":"https:\/\/infovera.com.ar\/web\/wp-json\/wp\/v2\/posts"}],"about":[{"href":"https:\/\/infovera.com.ar\/web\/wp-json\/wp\/v2\/types\/post"}],"author":[{"embeddable":true,"href":"https:\/\/infovera.com.ar\/web\/wp-json\/wp\/v2\/users\/3"}],"replies":[{"embeddable":true,"href":"https:\/\/infovera.com.ar\/web\/wp-json\/wp\/v2\/comments?post=70544"}],"version-history":[{"count":0,"href":"https:\/\/infovera.com.ar\/web\/wp-json\/wp\/v2\/posts\/70544\/revisions"}],"wp:featuredmedia":[{"embeddable":true,"href":"https:\/\/infovera.com.ar\/web\/wp-json\/wp\/v2\/media\/70545"}],"wp:attachment":[{"href":"https:\/\/infovera.com.ar\/web\/wp-json\/wp\/v2\/media?parent=70544"}],"wp:term":[{"taxonomy":"category","embeddable":true,"href":"https:\/\/infovera.com.ar\/web\/wp-json\/wp\/v2\/categories?post=70544"},{"taxonomy":"post_tag","embeddable":true,"href":"https:\/\/infovera.com.ar\/web\/wp-json\/wp\/v2\/tags?post=70544"}],"curies":[{"name":"wp","href":"https:\/\/api.w.org\/{rel}","templated":true}]}}