{"id":70540,"date":"2026-03-16T14:04:37","date_gmt":"2026-03-16T17:04:37","guid":{"rendered":"https:\/\/infovera.com.ar\/web\/?p=70540"},"modified":"2026-03-16T14:04:37","modified_gmt":"2026-03-16T17:04:37","slug":"recibos-de-sueldo-en-mano-provincia-mostro-como-impacto-el-aumento-en-el-sector-docente-cumplimos-nuestra-palabra","status":"publish","type":"post","link":"https:\/\/infovera.com.ar\/web\/2026\/03\/16\/recibos-de-sueldo-en-mano-provincia-mostro-como-impacto-el-aumento-en-el-sector-docente-cumplimos-nuestra-palabra\/","title":{"rendered":"Recibos de sueldo en mano, Provincia mostr\u00f3 c\u00f3mo impact\u00f3 el aumento en el sector docente: \u201cCumplimos nuestra palabra\u201d"},"content":{"rendered":"<p><strong>El ministro de Educaci\u00f3n de Santa Fe, Jos\u00e9 Goity, encabez\u00f3 una conferencia de prensa para llevar \u201cinformaci\u00f3n precisa y transparente\u201d sobre c\u00f3mo quedaron los sueldos de la docencia santafesina, y que se ubican entre los m\u00e1s altos para el sector en el pa\u00eds. \u201cPreviamente hubo mucho intento de desinformar, y ahora con los recibos de sueldo sobre la mesa, los docentes pueden ver la realidad\u201d, remarc\u00f3.<\/strong><\/p>\n<p>\u201cQueremos llevar informaci\u00f3n precisa y transparente de la recomposici\u00f3n salarial para el sector docente. Nos vemos en la obligaci\u00f3n de hacerlo porque ha habido mucho intento de desinformar, donde se consignaba que lo que anunci\u00e1bamos hace unas semanas no era verdad, pero ahora que los docentes tienen los recibos sobre la mesa, pueden ver la realidad. Cumplimos con nuestra palabra\u201d, se\u00f1al\u00f3 este lunes el ministro de Educaci\u00f3n, Jos\u00e9 Goity, al encabezar una conferencia de prensa en la que se detallaron los incrementos percibidos en los salarios docentes que se abonaron durante el mes de marzo.<\/p>\n<p>Acompa\u00f1ado por las secretarias General del Ministerio de Educaci\u00f3n, Mar\u00eda Mart\u00edn, y de Gesti\u00f3n Territorial, Daiana Gallo Ambrosis, el funcionario inform\u00f3 el impacto de las actualizaciones salariales correspondientes al mes de febrero, aplicadas en cumplimiento de lo acordado en la paritaria docente, y mostraron con recibos de sueldo el alcance de las cuatro planillas complementarias que fueron liquidadas de forma retroactiva para regularizar distintos conceptos incluidos en los haberes del sector.<\/p>\n<p><strong>Como ejemplo, utilizando sueldos testigo, demostraron que un maestro de grado, con 25 horas de reloj por semana Y que percibi\u00f3 en el sueldo de febrero $ 1.018.344 -sin los incrementos acordados en paritaria-, recibi\u00f3 por planilla complementaria un total neto de $ 450.978 pesos.<\/strong><\/p>\n<p><strong>Los docentes en el aula con los chicos aprendiendo<\/strong><\/p>\n<p>Tras un repaso de c\u00f3mo quedaron los salarios de los diferentes cargos testigo, Goity afirm\u00f3 que desde el Gobierno de Santa Fe \u201ctenemos la convicci\u00f3n que la diferencia en educaci\u00f3n la hacen los docentes en el aula con los chicos aprendiendo, junto a los equipos directivos comprometidos\u201d, motivo por el cual asegur\u00f3 que todo lo presentado durante la conferencia \u201cfue presentado como oferta paritaria\u201d, destacando que \u201cno hay nada que hayamos incorporado en cada una de las liquidaciones complementarias que no figure en el acta paritaria\u201d.<\/p>\n<p>El funcionario asegur\u00f3 que existe \u201cmucha desinformaci\u00f3n y mala intenci\u00f3n en generar climas de tensi\u00f3n\u201d en un contexto de pa\u00eds donde \u201ccayeron la recaudaci\u00f3n y la coparticipaci\u00f3n en todas las provincias\u201d, reconociendo adem\u00e1s la ca\u00edda del poder adquisitivo de los docentes, ante lo cual la gesti\u00f3n del gobernador Maximiliano Pullaro, \u201casumi\u00f3 el compromiso de recomponer el salario y el rol del docente que es quien cada d\u00eda hace el esfuerzo de todos los d\u00edas plantarse ante su curso para que los ni\u00f1os, ni\u00f1as y adolescentes, tengan aprendizaje\u201d, agreg\u00f3.<\/p>\n<p>Goity detall\u00f3 que con los incrementos salariales, \u201cning\u00fan docente en la provincia va a cobrar menos de $1.320.000 y el mes que no falta percibe el premio a la asistencia, con lo cual alcanza el $1.430.000\u201d, destacando que \u201cgarantizamos el salario a todos los docentes de Santa Fe y mucho m\u00e1s cuando tienen situaciones que requieren de nuestro acompa\u00f1amiento\u201d.<\/p>\n<p><strong>Desagregado de las liquidaciones<\/strong><\/p>\n<p>Por su parte, la secretaria General del Ministerio de Educaci\u00f3n, Mar\u00eda Mart\u00edn, detall\u00f3 que se liquid\u00f3 \u201cel retroactivo al mes de diciembre, el retroactivo de la diferencia del aguinaldo del segundo semestre y los retroactivos a los meses de enero y febrero\u201d, por lo cual cada docente de la provincia tendr\u00e1 en su liquidaci\u00f3n del recibo de sueldo \u201cel desagregado que fue lo que se pag\u00f3\u201d.<\/p>\n<p>Explic\u00f3 que se tom\u00f3 como referencia para explicar las liquidaciones el sueldo testigo del maestro de grado con 25 horas reloj, \u201cque representa a m\u00e1s del 90 % de los docentes de ese cargo en la provincia\u201d. En ese caso, \u201csi se analiza el recibo de sueldo, a lo cobrado a comienzos de marzo se le agregaron aproximadamente $ 450.000 correspondientes a la suma de todos los conceptos liquidados por planilla complementaria\u201d, precis\u00f3.<\/p>\n<p>La funcionaria detall\u00f3 que por planilla complementaria se liquid\u00f3 \u201cel 3 % retroactivo correspondiente a diciembre; lo correspondiente a las garant\u00edas del aguinaldo retroactivo a diciembre<strong>; la actualizaci\u00f3n de la pol\u00edtica salarial de enero con el m\u00ednimo garantizado que oportunamente se inform\u00f3 representaba $ 75.000; y en febrero se incluy\u00f3 un m\u00ednimo garantizado de $ 170.000\u201d<\/strong>. A esto se le debe sumar, \u201cel Fondo de capacitaci\u00f3n provincial que se cre\u00f3 con el objetivo de fomentar la capacitaci\u00f3n de los docentes que tendr\u00e1 una periodicidad mensual y se podr\u00e1 acreditar a lo largo del a\u00f1o con la multiplicidad de capacitaciones para todos los niveles y modalidades\u201d, indic\u00f3 Mart\u00edn.<\/p>\n<p>Adem\u00e1s, en el caso de supervisores y directores, la funcionaria explic\u00f3 que \u201cal Fondo de Capacitaci\u00f3n se le adiciona un concepto que se incorpor\u00f3 en 30 puntos que es la responsabilidad jer\u00e1rquica, propia de la funci\u00f3n por las tareas que llevan adelante\u201d.<\/p>\n<p>Finalmente, Mart\u00edn destac\u00f3 que toda la informaci\u00f3n vinculada a las liquidaciones coincide plenamente con lo acordado en la paritaria docente. \u201cTodo lo que se pag\u00f3 responde exactamente a lo presentado en la negociaci\u00f3n paritaria. Nos parec\u00eda importante rendir cuentas y mostrar con claridad c\u00f3mo se compone el salario docente, porque se trata de un esfuerzo muy grande del conjunto de la sociedad para reconocer y acompa\u00f1ar la tarea de quienes todos los d\u00edas sostienen el sistema educativo\u201d, concluy\u00f3.<\/p>\n","protected":false},"excerpt":{"rendered":"<p>El ministro de Educaci\u00f3n de Santa Fe, Jos\u00e9 Goity, encabez\u00f3 una conferencia de prensa para llevar \u201cinformaci\u00f3n precisa y transparente\u201d sobre c\u00f3mo quedaron los sueldos de la docencia santafesina, y que se ubican entre los m\u00e1s altos para el sector en el pa\u00eds. \u201cPreviamente hubo mucho intento de desinformar, y ahora con los recibos de [&hellip;]<\/p>\n","protected":false},"author":3,"featured_media":70541,"comment_status":"open","ping_status":"open","sticky":false,"template":"","format":"standard","meta":{"_joinchat":[],"footnotes":""},"categories":[39,60],"tags":[],"class_list":{"0":"post-70540","1":"post","2":"type-post","3":"status-publish","4":"format-standard","5":"has-post-thumbnail","7":"category-educacion","8":"category-provinciales"},"_links":{"self":[{"href":"https:\/\/infovera.com.ar\/web\/wp-json\/wp\/v2\/posts\/70540","targetHints":{"allow":["GET"]}}],"collection":[{"href":"https:\/\/infovera.com.ar\/web\/wp-json\/wp\/v2\/posts"}],"about":[{"href":"https:\/\/infovera.com.ar\/web\/wp-json\/wp\/v2\/types\/post"}],"author":[{"embeddable":true,"href":"https:\/\/infovera.com.ar\/web\/wp-json\/wp\/v2\/users\/3"}],"replies":[{"embeddable":true,"href":"https:\/\/infovera.com.ar\/web\/wp-json\/wp\/v2\/comments?post=70540"}],"version-history":[{"count":0,"href":"https:\/\/infovera.com.ar\/web\/wp-json\/wp\/v2\/posts\/70540\/revisions"}],"wp:featuredmedia":[{"embeddable":true,"href":"https:\/\/infovera.com.ar\/web\/wp-json\/wp\/v2\/media\/70541"}],"wp:attachment":[{"href":"https:\/\/infovera.com.ar\/web\/wp-json\/wp\/v2\/media?parent=70540"}],"wp:term":[{"taxonomy":"category","embeddable":true,"href":"https:\/\/infovera.com.ar\/web\/wp-json\/wp\/v2\/categories?post=70540"},{"taxonomy":"post_tag","embeddable":true,"href":"https:\/\/infovera.com.ar\/web\/wp-json\/wp\/v2\/tags?post=70540"}],"curies":[{"name":"wp","href":"https:\/\/api.w.org\/{rel}","templated":true}]}}