{"id":70527,"date":"2026-03-16T13:51:02","date_gmt":"2026-03-16T16:51:02","guid":{"rendered":"https:\/\/infovera.com.ar\/web\/?p=70527"},"modified":"2026-03-18T08:37:31","modified_gmt":"2026-03-18T11:37:31","slug":"vera-conmemoro-el-mes-de-la-mujer-con-una-jornada-llena-de-actividades","status":"publish","type":"post","link":"https:\/\/infovera.com.ar\/web\/2026\/03\/16\/vera-conmemoro-el-mes-de-la-mujer-con-una-jornada-llena-de-actividades\/","title":{"rendered":"Vera conmemor\u00f3 el Mes de la Mujer con una jornada llena de actividades"},"content":{"rendered":"<p><strong>Las actividades fueron organizadas por el gobierno municipal.<\/strong><\/p>\n<p>La propuesta comenz\u00f3 con la bicicleteada \u201cUnidas somos invencibles\u201d, que reuni\u00f3 a una gran cantidad de mujeres verenses recorriendo las calles de la ciudad.<\/p>\n<p>Luego, en el Paseo de las Artes se desarroll\u00f3 una jornada con espect\u00e1culos art\u00edsticos, bailes, m\u00fasica, demostraciones deportivas femeninas, emprendedoras, artesanos y espacios de concientizaci\u00f3n.<\/p>\n<p>Adem\u00e1s, en el Cine Teatro Espa\u00f1ol de Vera se present\u00f3 la obra \u201cLa Casa de Bernarda Alba\u201d del grupo Masquerade, mientras que en La Cochera P\u00e1del se disputaron las semifinales del torneo de p\u00e1del femenino.<\/p>\n<p>Una jornada que combin\u00f3 una serie de actividades que reunieron deporte, cultura, arte y encuentro, reafirmando el valor de seguir construyendo espacios donde las mujeres sean protagonistas.<\/p>\n<div id='gallery-1' class='gallery galleryid-70527 gallery-columns-3 gallery-size-thumbnail'><figure class='gallery-item'>\n\t\t\t<div class='gallery-icon landscape'>\n\t\t\t\t<a href='https:\/\/infovera.com.ar\/web\/2026\/03\/16\/vera-conmemoro-el-mes-de-la-mujer-con-una-jornada-llena-de-actividades\/vera-tapa-2\/'><img loading=\"lazy\" decoding=\"async\" width=\"150\" height=\"113\" src=\"https:\/\/infovera.com.ar\/web\/wp-content\/uploads\/2026\/03\/vera-tapa-2.jpg\" class=\"attachment-thumbnail size-thumbnail\" alt=\"\" srcset=\"https:\/\/infovera.com.ar\/web\/wp-content\/uploads\/2026\/03\/vera-tapa-2.jpg 1440w, https:\/\/infovera.com.ar\/web\/wp-content\/uploads\/2026\/03\/vera-tapa-2-560x420.jpg 560w, https:\/\/infovera.com.ar\/web\/wp-content\/uploads\/2026\/03\/vera-tapa-2-80x60.jpg 80w, https:\/\/infovera.com.ar\/web\/wp-content\/uploads\/2026\/03\/vera-tapa-2-696x522.jpg 696w, https:\/\/infovera.com.ar\/web\/wp-content\/uploads\/2026\/03\/vera-tapa-2-1068x801.jpg 1068w, https:\/\/infovera.com.ar\/web\/wp-content\/uploads\/2026\/03\/vera-tapa-2-265x198.jpg 265w\" sizes=\"auto, (max-width: 150px) 100vw, 150px\" \/><\/a>\n\t\t\t<\/div><\/figure><figure class='gallery-item'>\n\t\t\t<div class='gallery-icon landscape'>\n\t\t\t\t<a href='https:\/\/infovera.com.ar\/web\/2026\/03\/16\/vera-conmemoro-el-mes-de-la-mujer-con-una-jornada-llena-de-actividades\/vera-tapa1\/'><img loading=\"lazy\" decoding=\"async\" width=\"150\" height=\"113\" src=\"https:\/\/infovera.com.ar\/web\/wp-content\/uploads\/2026\/03\/vera-tapa1.jpg\" class=\"attachment-thumbnail size-thumbnail\" alt=\"\" srcset=\"https:\/\/infovera.com.ar\/web\/wp-content\/uploads\/2026\/03\/vera-tapa1.jpg 1440w, https:\/\/infovera.com.ar\/web\/wp-content\/uploads\/2026\/03\/vera-tapa1-560x420.jpg 560w, https:\/\/infovera.com.ar\/web\/wp-content\/uploads\/2026\/03\/vera-tapa1-80x60.jpg 80w, https:\/\/infovera.com.ar\/web\/wp-content\/uploads\/2026\/03\/vera-tapa1-696x522.jpg 696w, https:\/\/infovera.com.ar\/web\/wp-content\/uploads\/2026\/03\/vera-tapa1-1068x801.jpg 1068w, https:\/\/infovera.com.ar\/web\/wp-content\/uploads\/2026\/03\/vera-tapa1-265x198.jpg 265w\" sizes=\"auto, (max-width: 150px) 100vw, 150px\" \/><\/a>\n\t\t\t<\/div><\/figure><figure class='gallery-item'>\n\t\t\t<div class='gallery-icon landscape'>\n\t\t\t\t<a href='https:\/\/infovera.com.ar\/web\/2026\/03\/16\/vera-conmemoro-el-mes-de-la-mujer-con-una-jornada-llena-de-actividades\/vera-m-2\/'><img loading=\"lazy\" decoding=\"async\" width=\"150\" height=\"113\" src=\"https:\/\/infovera.com.ar\/web\/wp-content\/uploads\/2026\/03\/vera-m.jpg\" class=\"attachment-thumbnail size-thumbnail\" alt=\"\" srcset=\"https:\/\/infovera.com.ar\/web\/wp-content\/uploads\/2026\/03\/vera-m.jpg 1440w, https:\/\/infovera.com.ar\/web\/wp-content\/uploads\/2026\/03\/vera-m-560x420.jpg 560w, https:\/\/infovera.com.ar\/web\/wp-content\/uploads\/2026\/03\/vera-m-80x60.jpg 80w, https:\/\/infovera.com.ar\/web\/wp-content\/uploads\/2026\/03\/vera-m-696x522.jpg 696w, https:\/\/infovera.com.ar\/web\/wp-content\/uploads\/2026\/03\/vera-m-1068x801.jpg 1068w, https:\/\/infovera.com.ar\/web\/wp-content\/uploads\/2026\/03\/vera-m-265x198.jpg 265w\" sizes=\"auto, (max-width: 150px) 100vw, 150px\" \/><\/a>\n\t\t\t<\/div><\/figure><figure class='gallery-item'>\n\t\t\t<div class='gallery-icon landscape'>\n\t\t\t\t<a href='https:\/\/infovera.com.ar\/web\/2026\/03\/16\/vera-conmemoro-el-mes-de-la-mujer-con-una-jornada-llena-de-actividades\/vera-m1\/'><img loading=\"lazy\" decoding=\"async\" width=\"150\" height=\"113\" src=\"https:\/\/infovera.com.ar\/web\/wp-content\/uploads\/2026\/03\/vera-m1.jpg\" class=\"attachment-thumbnail size-thumbnail\" alt=\"\" srcset=\"https:\/\/infovera.com.ar\/web\/wp-content\/uploads\/2026\/03\/vera-m1.jpg 1440w, https:\/\/infovera.com.ar\/web\/wp-content\/uploads\/2026\/03\/vera-m1-560x420.jpg 560w, https:\/\/infovera.com.ar\/web\/wp-content\/uploads\/2026\/03\/vera-m1-80x60.jpg 80w, https:\/\/infovera.com.ar\/web\/wp-content\/uploads\/2026\/03\/vera-m1-696x522.jpg 696w, https:\/\/infovera.com.ar\/web\/wp-content\/uploads\/2026\/03\/vera-m1-1068x801.jpg 1068w, https:\/\/infovera.com.ar\/web\/wp-content\/uploads\/2026\/03\/vera-m1-265x198.jpg 265w\" sizes=\"auto, (max-width: 150px) 100vw, 150px\" \/><\/a>\n\t\t\t<\/div><\/figure><figure class='gallery-item'>\n\t\t\t<div class='gallery-icon landscape'>\n\t\t\t\t<a href='https:\/\/infovera.com.ar\/web\/2026\/03\/16\/vera-conmemoro-el-mes-de-la-mujer-con-una-jornada-llena-de-actividades\/vera-m2\/'><img loading=\"lazy\" decoding=\"async\" width=\"150\" height=\"113\" src=\"https:\/\/infovera.com.ar\/web\/wp-content\/uploads\/2026\/03\/vera-m2.jpg\" class=\"attachment-thumbnail size-thumbnail\" alt=\"\" srcset=\"https:\/\/infovera.com.ar\/web\/wp-content\/uploads\/2026\/03\/vera-m2.jpg 1440w, https:\/\/infovera.com.ar\/web\/wp-content\/uploads\/2026\/03\/vera-m2-560x420.jpg 560w, https:\/\/infovera.com.ar\/web\/wp-content\/uploads\/2026\/03\/vera-m2-80x60.jpg 80w, https:\/\/infovera.com.ar\/web\/wp-content\/uploads\/2026\/03\/vera-m2-696x522.jpg 696w, https:\/\/infovera.com.ar\/web\/wp-content\/uploads\/2026\/03\/vera-m2-1068x801.jpg 1068w, https:\/\/infovera.com.ar\/web\/wp-content\/uploads\/2026\/03\/vera-m2-265x198.jpg 265w\" sizes=\"auto, (max-width: 150px) 100vw, 150px\" \/><\/a>\n\t\t\t<\/div><\/figure><figure class='gallery-item'>\n\t\t\t<div class='gallery-icon landscape'>\n\t\t\t\t<a href='https:\/\/infovera.com.ar\/web\/2026\/03\/16\/vera-conmemoro-el-mes-de-la-mujer-con-una-jornada-llena-de-actividades\/vera-m3\/'><img loading=\"lazy\" decoding=\"async\" width=\"150\" height=\"113\" src=\"https:\/\/infovera.com.ar\/web\/wp-content\/uploads\/2026\/03\/vera-m3.jpg\" class=\"attachment-thumbnail size-thumbnail\" alt=\"\" srcset=\"https:\/\/infovera.com.ar\/web\/wp-content\/uploads\/2026\/03\/vera-m3.jpg 1440w, https:\/\/infovera.com.ar\/web\/wp-content\/uploads\/2026\/03\/vera-m3-560x420.jpg 560w, https:\/\/infovera.com.ar\/web\/wp-content\/uploads\/2026\/03\/vera-m3-80x60.jpg 80w, https:\/\/infovera.com.ar\/web\/wp-content\/uploads\/2026\/03\/vera-m3-696x522.jpg 696w, https:\/\/infovera.com.ar\/web\/wp-content\/uploads\/2026\/03\/vera-m3-1068x801.jpg 1068w, https:\/\/infovera.com.ar\/web\/wp-content\/uploads\/2026\/03\/vera-m3-265x198.jpg 265w\" sizes=\"auto, (max-width: 150px) 100vw, 150px\" \/><\/a>\n\t\t\t<\/div><\/figure><figure class='gallery-item'>\n\t\t\t<div class='gallery-icon landscape'>\n\t\t\t\t<a href='https:\/\/infovera.com.ar\/web\/2026\/03\/16\/vera-conmemoro-el-mes-de-la-mujer-con-una-jornada-llena-de-actividades\/vera-m4\/'><img loading=\"lazy\" decoding=\"async\" width=\"150\" height=\"113\" src=\"https:\/\/infovera.com.ar\/web\/wp-content\/uploads\/2026\/03\/vera-m4.jpg\" class=\"attachment-thumbnail size-thumbnail\" alt=\"\" srcset=\"https:\/\/infovera.com.ar\/web\/wp-content\/uploads\/2026\/03\/vera-m4.jpg 1440w, https:\/\/infovera.com.ar\/web\/wp-content\/uploads\/2026\/03\/vera-m4-560x420.jpg 560w, https:\/\/infovera.com.ar\/web\/wp-content\/uploads\/2026\/03\/vera-m4-80x60.jpg 80w, https:\/\/infovera.com.ar\/web\/wp-content\/uploads\/2026\/03\/vera-m4-696x522.jpg 696w, https:\/\/infovera.com.ar\/web\/wp-content\/uploads\/2026\/03\/vera-m4-1068x801.jpg 1068w, https:\/\/infovera.com.ar\/web\/wp-content\/uploads\/2026\/03\/vera-m4-265x198.jpg 265w\" sizes=\"auto, (max-width: 150px) 100vw, 150px\" \/><\/a>\n\t\t\t<\/div><\/figure><figure class='gallery-item'>\n\t\t\t<div class='gallery-icon landscape'>\n\t\t\t\t<a href='https:\/\/infovera.com.ar\/web\/2026\/03\/16\/vera-conmemoro-el-mes-de-la-mujer-con-una-jornada-llena-de-actividades\/vera-m5\/'><img loading=\"lazy\" decoding=\"async\" width=\"150\" height=\"113\" src=\"https:\/\/infovera.com.ar\/web\/wp-content\/uploads\/2026\/03\/vera-m5.jpg\" class=\"attachment-thumbnail size-thumbnail\" alt=\"\" srcset=\"https:\/\/infovera.com.ar\/web\/wp-content\/uploads\/2026\/03\/vera-m5.jpg 1440w, https:\/\/infovera.com.ar\/web\/wp-content\/uploads\/2026\/03\/vera-m5-560x420.jpg 560w, https:\/\/infovera.com.ar\/web\/wp-content\/uploads\/2026\/03\/vera-m5-80x60.jpg 80w, https:\/\/infovera.com.ar\/web\/wp-content\/uploads\/2026\/03\/vera-m5-696x522.jpg 696w, https:\/\/infovera.com.ar\/web\/wp-content\/uploads\/2026\/03\/vera-m5-1068x801.jpg 1068w, https:\/\/infovera.com.ar\/web\/wp-content\/uploads\/2026\/03\/vera-m5-265x198.jpg 265w\" sizes=\"auto, (max-width: 150px) 100vw, 150px\" \/><\/a>\n\t\t\t<\/div><\/figure><figure class='gallery-item'>\n\t\t\t<div class='gallery-icon landscape'>\n\t\t\t\t<a href='https:\/\/infovera.com.ar\/web\/2026\/03\/16\/vera-conmemoro-el-mes-de-la-mujer-con-una-jornada-llena-de-actividades\/vera-m6\/'><img loading=\"lazy\" decoding=\"async\" width=\"150\" height=\"113\" src=\"https:\/\/infovera.com.ar\/web\/wp-content\/uploads\/2026\/03\/vera-m6.jpg\" class=\"attachment-thumbnail size-thumbnail\" alt=\"\" srcset=\"https:\/\/infovera.com.ar\/web\/wp-content\/uploads\/2026\/03\/vera-m6.jpg 960w, https:\/\/infovera.com.ar\/web\/wp-content\/uploads\/2026\/03\/vera-m6-560x420.jpg 560w, https:\/\/infovera.com.ar\/web\/wp-content\/uploads\/2026\/03\/vera-m6-80x60.jpg 80w, https:\/\/infovera.com.ar\/web\/wp-content\/uploads\/2026\/03\/vera-m6-696x522.jpg 696w, https:\/\/infovera.com.ar\/web\/wp-content\/uploads\/2026\/03\/vera-m6-265x198.jpg 265w\" sizes=\"auto, (max-width: 150px) 100vw, 150px\" \/><\/a>\n\t\t\t<\/div><\/figure><figure class='gallery-item'>\n\t\t\t<div class='gallery-icon landscape'>\n\t\t\t\t<a href='https:\/\/infovera.com.ar\/web\/2026\/03\/16\/vera-conmemoro-el-mes-de-la-mujer-con-una-jornada-llena-de-actividades\/vera-m7\/'><img loading=\"lazy\" decoding=\"async\" width=\"150\" height=\"113\" src=\"https:\/\/infovera.com.ar\/web\/wp-content\/uploads\/2026\/03\/vera-m7.jpg\" class=\"attachment-thumbnail size-thumbnail\" alt=\"\" srcset=\"https:\/\/infovera.com.ar\/web\/wp-content\/uploads\/2026\/03\/vera-m7.jpg 1440w, https:\/\/infovera.com.ar\/web\/wp-content\/uploads\/2026\/03\/vera-m7-559x420.jpg 559w, https:\/\/infovera.com.ar\/web\/wp-content\/uploads\/2026\/03\/vera-m7-80x60.jpg 80w, https:\/\/infovera.com.ar\/web\/wp-content\/uploads\/2026\/03\/vera-m7-696x523.jpg 696w, https:\/\/infovera.com.ar\/web\/wp-content\/uploads\/2026\/03\/vera-m7-1068x802.jpg 1068w, https:\/\/infovera.com.ar\/web\/wp-content\/uploads\/2026\/03\/vera-m7-265x198.jpg 265w\" sizes=\"auto, (max-width: 150px) 100vw, 150px\" \/><\/a>\n\t\t\t<\/div><\/figure>\n\t\t<\/div>\n\n","protected":false},"excerpt":{"rendered":"<p>Las actividades fueron organizadas por el gobierno municipal. La propuesta comenz\u00f3 con la bicicleteada \u201cUnidas somos invencibles\u201d, que reuni\u00f3 a una gran cantidad de mujeres verenses recorriendo las calles de la ciudad. Luego, en el Paseo de las Artes se desarroll\u00f3 una jornada con espect\u00e1culos art\u00edsticos, bailes, m\u00fasica, demostraciones deportivas femeninas, emprendedoras, artesanos y espacios [&hellip;]<\/p>\n","protected":false},"author":3,"featured_media":70529,"comment_status":"open","ping_status":"open","sticky":false,"template":"","format":"standard","meta":{"_joinchat":[],"footnotes":""},"categories":[40,53],"tags":[],"class_list":{"0":"post-70527","1":"post","2":"type-post","3":"status-publish","4":"format-standard","5":"has-post-thumbnail","7":"category-cultura","8":"category-vera"},"_links":{"self":[{"href":"https:\/\/infovera.com.ar\/web\/wp-json\/wp\/v2\/posts\/70527","targetHints":{"allow":["GET"]}}],"collection":[{"href":"https:\/\/infovera.com.ar\/web\/wp-json\/wp\/v2\/posts"}],"about":[{"href":"https:\/\/infovera.com.ar\/web\/wp-json\/wp\/v2\/types\/post"}],"author":[{"embeddable":true,"href":"https:\/\/infovera.com.ar\/web\/wp-json\/wp\/v2\/users\/3"}],"replies":[{"embeddable":true,"href":"https:\/\/infovera.com.ar\/web\/wp-json\/wp\/v2\/comments?post=70527"}],"version-history":[{"count":0,"href":"https:\/\/infovera.com.ar\/web\/wp-json\/wp\/v2\/posts\/70527\/revisions"}],"wp:featuredmedia":[{"embeddable":true,"href":"https:\/\/infovera.com.ar\/web\/wp-json\/wp\/v2\/media\/70529"}],"wp:attachment":[{"href":"https:\/\/infovera.com.ar\/web\/wp-json\/wp\/v2\/media?parent=70527"}],"wp:term":[{"taxonomy":"category","embeddable":true,"href":"https:\/\/infovera.com.ar\/web\/wp-json\/wp\/v2\/categories?post=70527"},{"taxonomy":"post_tag","embeddable":true,"href":"https:\/\/infovera.com.ar\/web\/wp-json\/wp\/v2\/tags?post=70527"}],"curies":[{"name":"wp","href":"https:\/\/api.w.org\/{rel}","templated":true}]}}