{"id":70521,"date":"2026-03-16T10:37:24","date_gmt":"2026-03-16T13:37:24","guid":{"rendered":"https:\/\/infovera.com.ar\/web\/?p=70521"},"modified":"2026-03-17T13:45:31","modified_gmt":"2026-03-17T16:45:31","slug":"la-jueza-que-ordeno-la-detencion-de-benegas-dijo-que-es-por-el-plazo-maximo-de-codigo-penal","status":"publish","type":"post","link":"https:\/\/infovera.com.ar\/web\/2026\/03\/16\/la-jueza-que-ordeno-la-detencion-de-benegas-dijo-que-es-por-el-plazo-maximo-de-codigo-penal\/","title":{"rendered":"La jueza que orden\u00f3 la detenci\u00f3n de Benegas dijo que &#8220;es por el plazo m\u00e1ximo&#8221; de C\u00f3digo Penal"},"content":{"rendered":"<p><strong>El fiscal adjunto de Vera, Leandro Benegas, fue detenido y qued\u00f3 en prisi\u00f3n preventiva en el marco de una investigaci\u00f3n por delitos contra la integridad sexual de una menor de edad. La palabra de la jueza Claudia Bress\u00e1n, quien orden\u00f3 el viernes que se haga efectiva la prisi\u00f3n preventiva, medida que se concret\u00f3 esa misma noche.<\/strong><\/p>\n<p>Cabe mencionar que la magistrada dio cumplmiento a la determinaci\u00f3n impuesta por su colega la jueza Norma Senn. En esa instancia se debatieron las medidas cautelares y la magistrada dispuso la prisi\u00f3n preventiva, aunque inicialmente su ejecuci\u00f3n qued\u00f3 suspendida por la posible aplicaci\u00f3n de la Ley Nacional 25.320, que regula las inmunidades para determinados funcionarios judiciales.<\/p>\n<p>&#8220;Por cuestiones terminol\u00f3gicas que tienen que ver m\u00e1s a lo t\u00e9cnico, jur\u00eddico, lo que ocurri\u00f3 el d\u00eda viernes fue, lo que yo dispuse en concreto, fue que la prisi\u00f3n preventiva que ya hab\u00eda sido ordenada&#8221;, record\u00f3 la magistrada.<\/p>\n<p>Indic\u00f3 que luego de una audiencia en la cual las partes discutieron, qued\u00f3 en suspenso en virtud de que el doctor Leandro Benegas, hasta ese momento, estaba desempe\u00f1ando el cargo de fiscal. &#8220;Como hab\u00eda una causa administrativa que investigaba su rol como fiscal y la cual no ten\u00eda resoluci\u00f3n a\u00fan, el fiscal gozaba de la protecci\u00f3n que tiene ese cargo concretamente. Luego de la Asamblea Legislativa, del d\u00eda 12 de marzo, donde se resuelve la suspensi\u00f3n preventiva del doctor Benegas en el cargo como fiscal, esa protecci\u00f3n que la legislaci\u00f3n le brinda al cargo de fiscal, deja de tener efecto en la persona del doctor Benegas&#8221;, explic\u00f3.\u00a0Es por eso que se pudo efectivizar la prisi\u00f3n preventiva ya ordenada.<\/p>\n<p>Asever\u00f3 que la defensa que representa al Dr. Benegas no est\u00e1 de acuerdo con esta situaci\u00f3n y que &#8220;esto lo terminar\u00e1 resolviendo en definitiva la C\u00e1mara de Apelaci\u00f3n&#8221;, refiri\u00f3.<\/p>\n<p>Consultada por el apartamiento de su colega la Dra. Senn dijo que no hubo ninguna declaraci\u00f3n de nulidad de las resoluciones que ella adopt\u00f3 en el \u00e1mbito de esa carpeta judicial. <strong>&#8220;Ella es apartada, pero las resoluciones que ella ha tomado o las determinaciones que tom\u00f3 dentro de la carpeta judicial no han sido atacadas de nulidad ni se ha declarado la nulidad de ninguno de los actos por ella llevados a cabo dentro de la carpeta judicial&#8221;, aclar\u00f3.\u00a0<\/strong><\/p>\n<p>Sobre la prisi\u00f3n del fiscal acusado dijo que se ha fijado por los t\u00e9rminos de ley, &#8220;o sea, con las revisiones peri\u00f3dicas y <strong>con un plazo m\u00e1ximo que establece el C\u00f3digo Procesal Penal que luego si surgieran elementos y se llegara a dar esa situaci\u00f3n podr\u00eda llegar a ser prorrogada&#8221;, clarific\u00f3. <\/strong><\/p>\n<p>Sobre el lugar de detenci\u00f3n del fiscal acusado dijo que cuando se instrument\u00f3 la prisi\u00f3n preventiva, fue llevado al hospital de Vera por algunos padecimientos que estaba teniendo en el momento, &#8220;el m\u00e9dico que lo revis\u00f3 aconsej\u00f3 la internaci\u00f3n en el hospital de Vera y luego de llevado a cabo la audiencia el d\u00eda s\u00e1bado, porque el d\u00eda s\u00e1bado hubo una audiencia el doctor Benegas fue trasladado al servicio penitenciario, la U2 de las Flores&#8221;, sum\u00f3 a su explicaci\u00f3n.<\/p>\n<p>En ese punto dijo que el Dr. Benegas est\u00e1 detenido en la alcaid\u00eda de Las Flores, &#8220;en un lugar concreto donde se ha recomendado&#8221;, debido al &#8220;cargo que el fiscal ten\u00eda hasta d\u00edas antes de su prisi\u00f3n preventiva y que se resguarde la integridad de su persona&#8221;, finaliz\u00f3.<\/p>\n<p><strong>Fuente V\u00eda Libre &#8211; Reconquista<\/strong><\/p>\n","protected":false},"excerpt":{"rendered":"<p>El fiscal adjunto de Vera, Leandro Benegas, fue detenido y qued\u00f3 en prisi\u00f3n preventiva en el marco de una investigaci\u00f3n por delitos contra la integridad sexual de una menor de edad. La palabra de la jueza Claudia Bress\u00e1n, quien orden\u00f3 el viernes que se haga efectiva la prisi\u00f3n preventiva, medida que se concret\u00f3 esa misma [&hellip;]<\/p>\n","protected":false},"author":3,"featured_media":47364,"comment_status":"open","ping_status":"open","sticky":false,"template":"","format":"standard","meta":{"_joinchat":[],"footnotes":""},"categories":[30,61],"tags":[],"class_list":{"0":"post-70521","1":"post","2":"type-post","3":"status-publish","4":"format-standard","5":"has-post-thumbnail","7":"category-policiales","8":"category-regionales"},"_links":{"self":[{"href":"https:\/\/infovera.com.ar\/web\/wp-json\/wp\/v2\/posts\/70521","targetHints":{"allow":["GET"]}}],"collection":[{"href":"https:\/\/infovera.com.ar\/web\/wp-json\/wp\/v2\/posts"}],"about":[{"href":"https:\/\/infovera.com.ar\/web\/wp-json\/wp\/v2\/types\/post"}],"author":[{"embeddable":true,"href":"https:\/\/infovera.com.ar\/web\/wp-json\/wp\/v2\/users\/3"}],"replies":[{"embeddable":true,"href":"https:\/\/infovera.com.ar\/web\/wp-json\/wp\/v2\/comments?post=70521"}],"version-history":[{"count":0,"href":"https:\/\/infovera.com.ar\/web\/wp-json\/wp\/v2\/posts\/70521\/revisions"}],"wp:featuredmedia":[{"embeddable":true,"href":"https:\/\/infovera.com.ar\/web\/wp-json\/wp\/v2\/media\/47364"}],"wp:attachment":[{"href":"https:\/\/infovera.com.ar\/web\/wp-json\/wp\/v2\/media?parent=70521"}],"wp:term":[{"taxonomy":"category","embeddable":true,"href":"https:\/\/infovera.com.ar\/web\/wp-json\/wp\/v2\/categories?post=70521"},{"taxonomy":"post_tag","embeddable":true,"href":"https:\/\/infovera.com.ar\/web\/wp-json\/wp\/v2\/tags?post=70521"}],"curies":[{"name":"wp","href":"https:\/\/api.w.org\/{rel}","templated":true}]}}