{"id":70518,"date":"2026-03-16T10:22:35","date_gmt":"2026-03-16T13:22:35","guid":{"rendered":"https:\/\/infovera.com.ar\/web\/?p=70518"},"modified":"2026-03-16T10:22:35","modified_gmt":"2026-03-16T13:22:35","slug":"se-lanzaron-los-talleres-culturales-municipales-2026","status":"publish","type":"post","link":"https:\/\/infovera.com.ar\/web\/2026\/03\/16\/se-lanzaron-los-talleres-culturales-municipales-2026\/","title":{"rendered":"Se lanzaron los Talleres Culturales Municipales 2026"},"content":{"rendered":"<p><strong>La Municipalidad present\u00f3 oficialmente la nueva edici\u00f3n de los Talleres Culturales Municipales 2026, una propuesta destinada a promover la participaci\u00f3n art\u00edstica y el desarrollo cultural de la comunidad a trav\u00e9s de diferentes espacios de formaci\u00f3n.<\/strong><\/p>\n<p>Este a\u00f1o la oferta incluye pintura para adultos, pintura para ni\u00f1os, teatro infantil, teatro para adultos y un taller intensivo de magia y ventriloquia, propuestas pensadas para que vecinos de distintas edades puedan acercarse al arte, aprender nuevas t\u00e9cnicas y compartir experiencias creativas.<\/p>\n<p>Las inscripciones se realizan en la Casa de la Cultura, de lunes a viernes de 8 a 11 horas. Los talleres son arancelados y los cupos son limitados.<\/p>\n<p><strong>Durante la presentaci\u00f3n, la intendente destac\u00f3 la importancia de estos espacios para la comunidad:<\/strong><\/p>\n<p>\u201cLos talleres culturales son lugares de encuentro, de aprendizaje y de expresi\u00f3n. Creemos profundamente en el valor del arte para fortalecer el tejido social y generar oportunidades para que ni\u00f1os, j\u00f3venes y adultos desarrollen su creatividad y sus talentos\u201d, expres\u00f3.<\/p>\n","protected":false},"excerpt":{"rendered":"<p>La Municipalidad present\u00f3 oficialmente la nueva edici\u00f3n de los Talleres Culturales Municipales 2026, una propuesta destinada a promover la participaci\u00f3n art\u00edstica y el desarrollo cultural de la comunidad a trav\u00e9s de diferentes espacios de formaci\u00f3n. Este a\u00f1o la oferta incluye pintura para adultos, pintura para ni\u00f1os, teatro infantil, teatro para adultos y un taller intensivo [&hellip;]<\/p>\n","protected":false},"author":3,"featured_media":70519,"comment_status":"open","ping_status":"open","sticky":false,"template":"","format":"standard","meta":{"_joinchat":[],"footnotes":""},"categories":[40,53],"tags":[],"class_list":{"0":"post-70518","1":"post","2":"type-post","3":"status-publish","4":"format-standard","5":"has-post-thumbnail","7":"category-cultura","8":"category-vera"},"_links":{"self":[{"href":"https:\/\/infovera.com.ar\/web\/wp-json\/wp\/v2\/posts\/70518","targetHints":{"allow":["GET"]}}],"collection":[{"href":"https:\/\/infovera.com.ar\/web\/wp-json\/wp\/v2\/posts"}],"about":[{"href":"https:\/\/infovera.com.ar\/web\/wp-json\/wp\/v2\/types\/post"}],"author":[{"embeddable":true,"href":"https:\/\/infovera.com.ar\/web\/wp-json\/wp\/v2\/users\/3"}],"replies":[{"embeddable":true,"href":"https:\/\/infovera.com.ar\/web\/wp-json\/wp\/v2\/comments?post=70518"}],"version-history":[{"count":0,"href":"https:\/\/infovera.com.ar\/web\/wp-json\/wp\/v2\/posts\/70518\/revisions"}],"wp:featuredmedia":[{"embeddable":true,"href":"https:\/\/infovera.com.ar\/web\/wp-json\/wp\/v2\/media\/70519"}],"wp:attachment":[{"href":"https:\/\/infovera.com.ar\/web\/wp-json\/wp\/v2\/media?parent=70518"}],"wp:term":[{"taxonomy":"category","embeddable":true,"href":"https:\/\/infovera.com.ar\/web\/wp-json\/wp\/v2\/categories?post=70518"},{"taxonomy":"post_tag","embeddable":true,"href":"https:\/\/infovera.com.ar\/web\/wp-json\/wp\/v2\/tags?post=70518"}],"curies":[{"name":"wp","href":"https:\/\/api.w.org\/{rel}","templated":true}]}}