{"id":70513,"date":"2026-03-16T09:00:45","date_gmt":"2026-03-16T12:00:45","guid":{"rendered":"https:\/\/infovera.com.ar\/web\/?p=70513"},"modified":"2026-03-16T19:18:07","modified_gmt":"2026-03-16T22:18:07","slug":"la-madre-del-fiscal-benegas-hablo-desde-el-dolor-mas-profundo-y-pidio-revisar-el-caso","status":"publish","type":"post","link":"https:\/\/infovera.com.ar\/web\/2026\/03\/16\/la-madre-del-fiscal-benegas-hablo-desde-el-dolor-mas-profundo-y-pidio-revisar-el-caso\/","title":{"rendered":"La madre del fiscal Benegas habl\u00f3 &#8220;desde el dolor m\u00e1s profundo&#8221; y pidi\u00f3 revisar el caso"},"content":{"rendered":"<p><strong>Tras la detenci\u00f3n de su hijo, Anamar\u00eda Valiente describi\u00f3 en primera persona la angustia que vive: &#8220;No quiero irme de este mundo sin ver que se haga justicia por mi hijo&#8221;.<\/strong><\/p>\n<p><strong>TEXTUAL<\/strong><\/p>\n<p>Hoy hablo con el coraz\u00f3n en la mano.<br \/>\nHablo desde el dolor m\u00e1s profundo que puede sentir una madre.<br \/>\nSoy una madre que desde muy joven qued\u00f3 viuda.<br \/>\nQuienes me conocen saben el sacrificio que hice.<br \/>\nDe d\u00eda fui peluquera y de noche hac\u00eda tortas hasta la madrugada para pagarle los estudios a mis hijos,<br \/>\nNo tuve privilegios,<br \/>\nNo tuve ayuda.<br \/>\nSolo tuve mis manos, mi trabajo\u2026 y un amor inmenso por mis hijos.<br \/>\nCada madrugada sin dormir ten\u00eda un sue\u00f1o:<br \/>\nque mis hijos pudieran estudiar, que fueran hombres de bien, que tuvieran el futuro que yo nunca tuve.<br \/>\nY lo lograron.<br \/>\nMis dos hijos se recibieron de abogados.<br \/>\nDos profesionales formados con esfuerzo, con valores y con el ejemplo de una madre que luch\u00f3 toda su vida.<br \/>\nPero hoy mi coraz\u00f3n atraviesa uno de los dolores m\u00e1s grandes que puede vivir una madre.<br \/>\nDuele\u2026 duele ver c\u00f3mo una vida entera de sacrificio parece valer menos que escuchar un relato inventado, sin fundamentos, armado por personas inescrupulosas.<br \/>\nEscribo desde el dolor de una madre.<br \/>\nPor eso hoy hablo.<br \/>\nPorque todo este dolor, toda esta angustia y esta injusticia han afectado profundamente mi salud.<br \/>\nY hay algo que me duele m\u00e1s que cualquier enfermedad:<br \/>\nNo quiero irme de este mundo sin ver que se haga justicia por mi hijo.<br \/>\nSolo pido algo simple.<br \/>\nAlgo justo.<br \/>\nQue se revise el caso.<br \/>\nQue se investigue.<br \/>\nPorque cuando se condena sin pruebas no solo se destruye a una persona.<br \/>\nSe destruye una familia.<br \/>\nSe destruyen a\u00f1os de esfuerzo.<br \/>\nSe destruye la vida de gente honesta.<br \/>\nA la justicia le pido que mire este caso con responsabilidad.<br \/>\nPorque cuando las decisiones se toman sin pruebas, No solo se pone en riesgo a una persona\u2026<br \/>\nse pone en riesgo a toda la sociedad.<br \/>\nYo s\u00e9 qui\u00e9n es mi hijo.<br \/>\nS\u00e9 los valores con los que fue criado.<br \/>\nY tambi\u00e9n s\u00e9 algo que la vida me ense\u00f1\u00f3 despu\u00e9s de tantas noches trabajando mientras el mundo dorm\u00eda:<br \/>\nLa Verdad puede tardar\u2026 pero siempre termina encontrando el camino para salir a la luz.<br \/>\nSolo le pido a Dios una cosa: tener vida para poder ver que se haga justicia.<\/p>\n","protected":false},"excerpt":{"rendered":"<p>Tras la detenci\u00f3n de su hijo, Anamar\u00eda Valiente describi\u00f3 en primera persona la angustia que vive: &#8220;No quiero irme de este mundo sin ver que se haga justicia por mi hijo&#8221;. TEXTUAL Hoy hablo con el coraz\u00f3n en la mano. Hablo desde el dolor m\u00e1s profundo que puede sentir una madre. Soy una madre que [&hellip;]<\/p>\n","protected":false},"author":3,"featured_media":70514,"comment_status":"open","ping_status":"open","sticky":false,"template":"","format":"standard","meta":{"_joinchat":[],"footnotes":""},"categories":[53],"tags":[],"class_list":{"0":"post-70513","1":"post","2":"type-post","3":"status-publish","4":"format-standard","5":"has-post-thumbnail","7":"category-vera"},"_links":{"self":[{"href":"https:\/\/infovera.com.ar\/web\/wp-json\/wp\/v2\/posts\/70513","targetHints":{"allow":["GET"]}}],"collection":[{"href":"https:\/\/infovera.com.ar\/web\/wp-json\/wp\/v2\/posts"}],"about":[{"href":"https:\/\/infovera.com.ar\/web\/wp-json\/wp\/v2\/types\/post"}],"author":[{"embeddable":true,"href":"https:\/\/infovera.com.ar\/web\/wp-json\/wp\/v2\/users\/3"}],"replies":[{"embeddable":true,"href":"https:\/\/infovera.com.ar\/web\/wp-json\/wp\/v2\/comments?post=70513"}],"version-history":[{"count":0,"href":"https:\/\/infovera.com.ar\/web\/wp-json\/wp\/v2\/posts\/70513\/revisions"}],"wp:featuredmedia":[{"embeddable":true,"href":"https:\/\/infovera.com.ar\/web\/wp-json\/wp\/v2\/media\/70514"}],"wp:attachment":[{"href":"https:\/\/infovera.com.ar\/web\/wp-json\/wp\/v2\/media?parent=70513"}],"wp:term":[{"taxonomy":"category","embeddable":true,"href":"https:\/\/infovera.com.ar\/web\/wp-json\/wp\/v2\/categories?post=70513"},{"taxonomy":"post_tag","embeddable":true,"href":"https:\/\/infovera.com.ar\/web\/wp-json\/wp\/v2\/tags?post=70513"}],"curies":[{"name":"wp","href":"https:\/\/api.w.org\/{rel}","templated":true}]}}