{"id":70510,"date":"2026-03-16T09:25:16","date_gmt":"2026-03-16T12:25:16","guid":{"rendered":"https:\/\/infovera.com.ar\/web\/?p=70510"},"modified":"2026-03-17T07:48:05","modified_gmt":"2026-03-17T10:48:05","slug":"vera-la-policia-recupero-una-motocicleta-que-habia-sido-robada","status":"publish","type":"post","link":"https:\/\/infovera.com.ar\/web\/2026\/03\/16\/vera-la-policia-recupero-una-motocicleta-que-habia-sido-robada\/","title":{"rendered":"Vera: la polic\u00eda recuper\u00f3 una motocicleta que hab\u00eda sido robada"},"content":{"rendered":"<p><strong>Personal policial del Grupo de Operaciones T\u00e1cticas (GOT) de la Unidad Regional XIX recuper\u00f3 una motocicleta denunciada como sustra\u00edda en la ciudad de Vera.<\/strong><\/p>\n<p>El hallazgo se produjo mientras los efectivos realizaban patrullajes preventivos por distintos sectores de la ciudad. En ese marco, observaron una motocicleta oculta entre malezas, en cercan\u00edas de una zanja sobre calle Rafael Mudry, que aparentaba encontrarse abandonada.<\/p>\n<p>Tras verificar los datos del rodado, se constat\u00f3 que se trataba de una Honda Wave 110 cc de color rojo, sin dominio visible y con asiento negro, que coincid\u00eda con las caracter\u00edsticas de una motocicleta denunciada como robada el pasado 14 de marzo en la ciudad.<\/p>\n<p>Ante esta situaci\u00f3n, los uniformados procedieron al secuestro preventivo del veh\u00edculo, que fue trasladado a la Jefatura de la Unidad Regional XIX para continuar con las diligencias correspondientes.<\/p>\n","protected":false},"excerpt":{"rendered":"<p>Personal policial del Grupo de Operaciones T\u00e1cticas (GOT) de la Unidad Regional XIX recuper\u00f3 una motocicleta denunciada como sustra\u00edda en la ciudad de Vera. El hallazgo se produjo mientras los efectivos realizaban patrullajes preventivos por distintos sectores de la ciudad. En ese marco, observaron una motocicleta oculta entre malezas, en cercan\u00edas de una zanja sobre [&hellip;]<\/p>\n","protected":false},"author":3,"featured_media":70511,"comment_status":"open","ping_status":"open","sticky":false,"template":"","format":"standard","meta":{"_joinchat":[],"footnotes":""},"categories":[30,53],"tags":[],"class_list":{"0":"post-70510","1":"post","2":"type-post","3":"status-publish","4":"format-standard","5":"has-post-thumbnail","7":"category-policiales","8":"category-vera"},"_links":{"self":[{"href":"https:\/\/infovera.com.ar\/web\/wp-json\/wp\/v2\/posts\/70510","targetHints":{"allow":["GET"]}}],"collection":[{"href":"https:\/\/infovera.com.ar\/web\/wp-json\/wp\/v2\/posts"}],"about":[{"href":"https:\/\/infovera.com.ar\/web\/wp-json\/wp\/v2\/types\/post"}],"author":[{"embeddable":true,"href":"https:\/\/infovera.com.ar\/web\/wp-json\/wp\/v2\/users\/3"}],"replies":[{"embeddable":true,"href":"https:\/\/infovera.com.ar\/web\/wp-json\/wp\/v2\/comments?post=70510"}],"version-history":[{"count":0,"href":"https:\/\/infovera.com.ar\/web\/wp-json\/wp\/v2\/posts\/70510\/revisions"}],"wp:featuredmedia":[{"embeddable":true,"href":"https:\/\/infovera.com.ar\/web\/wp-json\/wp\/v2\/media\/70511"}],"wp:attachment":[{"href":"https:\/\/infovera.com.ar\/web\/wp-json\/wp\/v2\/media?parent=70510"}],"wp:term":[{"taxonomy":"category","embeddable":true,"href":"https:\/\/infovera.com.ar\/web\/wp-json\/wp\/v2\/categories?post=70510"},{"taxonomy":"post_tag","embeddable":true,"href":"https:\/\/infovera.com.ar\/web\/wp-json\/wp\/v2\/tags?post=70510"}],"curies":[{"name":"wp","href":"https:\/\/api.w.org\/{rel}","templated":true}]}}