{"id":70508,"date":"2026-03-16T09:21:33","date_gmt":"2026-03-16T12:21:33","guid":{"rendered":"https:\/\/infovera.com.ar\/web\/?p=70508"},"modified":"2026-03-16T09:21:33","modified_gmt":"2026-03-16T12:21:33","slug":"una-discusion-familiar-termino-con-un-herido-por-un-balinazo-y-un-detenido","status":"publish","type":"post","link":"https:\/\/infovera.com.ar\/web\/2026\/03\/16\/una-discusion-familiar-termino-con-un-herido-por-un-balinazo-y-un-detenido\/","title":{"rendered":"Una discusi\u00f3n familiar termin\u00f3 con un herido por un balinazo y un detenido"},"content":{"rendered":"<p><strong>Un hombre result\u00f3 herido tras recibir un disparo con un arma de aire comprimido modificada, en un hecho ocurrido durante la noche del 15 de marzo en la ciudad de Calchaqu\u00ed.<\/strong><\/p>\n<p>Seg\u00fan informaron fuentes de la Unidad Regional XIX, personal del Comando Radioel\u00e9ctrico Zona Sur fue comisionado al lugar luego de recibir un llamado que alertaba sobre una discusi\u00f3n entre dos hombres mayores de edad, familiares entre s\u00ed, en la zona urbana de la ciudad.<\/p>\n<p><strong>Al arribar, los efectivos constataron que, tras una disputa previa, uno de los involucrados identificado como C\u00e9sar V\u00e1zquez habr\u00eda efectuado un disparo con un arma de aire comprimido reformada, impactando en Juan V\u00e1zquez.<\/strong><\/p>\n<p>La v\u00edctima fue trasladada al Hospital Regional de Reconquista para recibir atenci\u00f3n m\u00e9dica.<\/p>\n<p>En el lugar intervino m\u00e9dico policial y personal de la Direcci\u00f3n General de Polic\u00eda Cient\u00edfica de la ciudad de Vera, quienes realizaron las actuaciones correspondientes.<\/p>\n<p>El presunto autor del hecho fue aprehendido y trasladado a dependencias policiales, quedando a disposici\u00f3n del fiscal en turno, quien determinar\u00e1 las medidas judiciales a seguir.<\/p>\n<p>En la causa interviene la Fiscal\u00eda competente del Ministerio P\u00fablico de la Acusaci\u00f3n.<\/p>\n","protected":false},"excerpt":{"rendered":"<p>Un hombre result\u00f3 herido tras recibir un disparo con un arma de aire comprimido modificada, en un hecho ocurrido durante la noche del 15 de marzo en la ciudad de Calchaqu\u00ed. Seg\u00fan informaron fuentes de la Unidad Regional XIX, personal del Comando Radioel\u00e9ctrico Zona Sur fue comisionado al lugar luego de recibir un llamado que [&hellip;]<\/p>\n","protected":false},"author":3,"featured_media":39475,"comment_status":"open","ping_status":"open","sticky":false,"template":"","format":"standard","meta":{"_joinchat":[],"footnotes":""},"categories":[52,30],"tags":[],"class_list":{"0":"post-70508","1":"post","2":"type-post","3":"status-publish","4":"format-standard","5":"has-post-thumbnail","7":"category-calchaqui","8":"category-policiales"},"_links":{"self":[{"href":"https:\/\/infovera.com.ar\/web\/wp-json\/wp\/v2\/posts\/70508","targetHints":{"allow":["GET"]}}],"collection":[{"href":"https:\/\/infovera.com.ar\/web\/wp-json\/wp\/v2\/posts"}],"about":[{"href":"https:\/\/infovera.com.ar\/web\/wp-json\/wp\/v2\/types\/post"}],"author":[{"embeddable":true,"href":"https:\/\/infovera.com.ar\/web\/wp-json\/wp\/v2\/users\/3"}],"replies":[{"embeddable":true,"href":"https:\/\/infovera.com.ar\/web\/wp-json\/wp\/v2\/comments?post=70508"}],"version-history":[{"count":0,"href":"https:\/\/infovera.com.ar\/web\/wp-json\/wp\/v2\/posts\/70508\/revisions"}],"wp:featuredmedia":[{"embeddable":true,"href":"https:\/\/infovera.com.ar\/web\/wp-json\/wp\/v2\/media\/39475"}],"wp:attachment":[{"href":"https:\/\/infovera.com.ar\/web\/wp-json\/wp\/v2\/media?parent=70508"}],"wp:term":[{"taxonomy":"category","embeddable":true,"href":"https:\/\/infovera.com.ar\/web\/wp-json\/wp\/v2\/categories?post=70508"},{"taxonomy":"post_tag","embeddable":true,"href":"https:\/\/infovera.com.ar\/web\/wp-json\/wp\/v2\/tags?post=70508"}],"curies":[{"name":"wp","href":"https:\/\/api.w.org\/{rel}","templated":true}]}}