{"id":70504,"date":"2026-03-16T09:09:47","date_gmt":"2026-03-16T12:09:47","guid":{"rendered":"https:\/\/infovera.com.ar\/web\/?p=70504"},"modified":"2026-03-16T09:10:06","modified_gmt":"2026-03-16T12:10:06","slug":"calchaqui-esclarecen-robo-en-una-capilla-del-barrio-san-cayetano","status":"publish","type":"post","link":"https:\/\/infovera.com.ar\/web\/2026\/03\/16\/calchaqui-esclarecen-robo-en-una-capilla-del-barrio-san-cayetano\/","title":{"rendered":"Calchaqu\u00ed: esclarecen robo en la capilla del barrio San Cayetano"},"content":{"rendered":"<p><strong>Personal policial de la Comisar\u00eda Segunda de Calchaqu\u00ed logr\u00f3 esclarecer un hecho de robo ocurrido en una capilla ubicada en barrio San Cayetano.<\/strong><\/p>\n<p>De acuerdo a la informaci\u00f3n oficial, autores ignorados habr\u00edan ocasionado da\u00f1os en las aberturas del templo para luego ingresar al lugar y sustraer varias sillas plegables de madera.<\/p>\n<p>Tras tomar conocimiento del hecho, los efectivos iniciaron tareas investigativas que permitieron establecer la presunta participaci\u00f3n de un joven, mayor de edad, en el il\u00edcito.<\/p>\n<p>Como resultado de las diligencias realizadas, se procedi\u00f3 al secuestro preventivo de los elementos denunciados como sustra\u00eddos, los cuales hab\u00edan sido recuperados.<\/p>\n<p>Las actuaciones contin\u00faan con intervenci\u00f3n del Ministerio P\u00fablico de la Acusaci\u00f3n, mientras se desarrollan las diligencias correspondientes para el avance de la causa.<\/p>\n","protected":false},"excerpt":{"rendered":"<p>Personal policial de la Comisar\u00eda Segunda de Calchaqu\u00ed logr\u00f3 esclarecer un hecho de robo ocurrido en una capilla ubicada en barrio San Cayetano. De acuerdo a la informaci\u00f3n oficial, autores ignorados habr\u00edan ocasionado da\u00f1os en las aberturas del templo para luego ingresar al lugar y sustraer varias sillas plegables de madera. Tras tomar conocimiento del [&hellip;]<\/p>\n","protected":false},"author":3,"featured_media":70505,"comment_status":"open","ping_status":"open","sticky":false,"template":"","format":"standard","meta":{"_joinchat":[],"footnotes":""},"categories":[52,30],"tags":[],"class_list":{"0":"post-70504","1":"post","2":"type-post","3":"status-publish","4":"format-standard","5":"has-post-thumbnail","7":"category-calchaqui","8":"category-policiales"},"_links":{"self":[{"href":"https:\/\/infovera.com.ar\/web\/wp-json\/wp\/v2\/posts\/70504","targetHints":{"allow":["GET"]}}],"collection":[{"href":"https:\/\/infovera.com.ar\/web\/wp-json\/wp\/v2\/posts"}],"about":[{"href":"https:\/\/infovera.com.ar\/web\/wp-json\/wp\/v2\/types\/post"}],"author":[{"embeddable":true,"href":"https:\/\/infovera.com.ar\/web\/wp-json\/wp\/v2\/users\/3"}],"replies":[{"embeddable":true,"href":"https:\/\/infovera.com.ar\/web\/wp-json\/wp\/v2\/comments?post=70504"}],"version-history":[{"count":0,"href":"https:\/\/infovera.com.ar\/web\/wp-json\/wp\/v2\/posts\/70504\/revisions"}],"wp:featuredmedia":[{"embeddable":true,"href":"https:\/\/infovera.com.ar\/web\/wp-json\/wp\/v2\/media\/70505"}],"wp:attachment":[{"href":"https:\/\/infovera.com.ar\/web\/wp-json\/wp\/v2\/media?parent=70504"}],"wp:term":[{"taxonomy":"category","embeddable":true,"href":"https:\/\/infovera.com.ar\/web\/wp-json\/wp\/v2\/categories?post=70504"},{"taxonomy":"post_tag","embeddable":true,"href":"https:\/\/infovera.com.ar\/web\/wp-json\/wp\/v2\/tags?post=70504"}],"curies":[{"name":"wp","href":"https:\/\/api.w.org\/{rel}","templated":true}]}}