{"id":70498,"date":"2026-03-16T08:00:35","date_gmt":"2026-03-16T11:00:35","guid":{"rendered":"https:\/\/infovera.com.ar\/web\/?p=70498"},"modified":"2026-03-16T10:49:55","modified_gmt":"2026-03-16T13:49:55","slug":"avellaneda-sera-sede-del-congreso-internacional-de-educacion","status":"publish","type":"post","link":"https:\/\/infovera.com.ar\/web\/2026\/03\/16\/avellaneda-sera-sede-del-congreso-internacional-de-educacion\/","title":{"rendered":"Avellaneda ser\u00e1 sede del Congreso Internacional de Educaci\u00f3n"},"content":{"rendered":"<p><strong>El encuentro se realizar\u00e1 el 14 de abril en el Teatro M\u00e1ximo Vicentin y contar\u00e1 con disertaciones de Mar Romera (Espa\u00f1a), Cristian Sperati y C\u00e9sar Palmieri.<\/strong><\/p>\n<p>La ciudad de Avellaneda ser\u00e1 sede del Congreso Internacional de Educaci\u00f3n, una propuesta organizada por Congresos de Educaci\u00f3n Regi\u00f3n Centro que convocar\u00e1 a docentes, directivos, estudiantes y profesionales del \u00e1mbito educativo para compartir herramientas, experiencias y nuevas miradas sobre la ense\u00f1anza.<\/p>\n<p>El evento se desarrollar\u00e1 el 14 de abril a las 18.30 en el Teatro M\u00e1ximo Vicentin y contar\u00e1 con la participaci\u00f3n de reconocidos especialistas. Entre ellos se encuentra Mar Romera (Espa\u00f1a), quien disertar\u00e1 sobre \u201cEducar con 3 C: capacidades, competencias y coraz\u00f3n\u201d; Cristian Sperati, con la charla \u201cBienestar emocional docente\u201d; y C\u00e9sar Palmieri, que abordar\u00e1 \u201cLa ciencia de la felicidad\u201d.<\/p>\n<p>El diputado provincial Dionisio Scarpin, que auspicia la actividad, destac\u00f3 la importancia de generar este tipo de espacios en el norte santafesino. \u201cLa educaci\u00f3n es una de las bases para que nuestra regi\u00f3n crezca. Por eso acompa\u00f1amos propuestas que suman herramientas y nuevas miradas para quienes est\u00e1n todos los d\u00edas ense\u00f1ando\u201d, expres\u00f3.<\/p>\n<p>En ese sentido, agreg\u00f3: \u201cHoy la educaci\u00f3n tiene que prepararnos para el mundo que viene, con m\u00e1s tecnolog\u00eda, m\u00e1s innovaci\u00f3n y m\u00e1s oportunidades de trabajo. Todo lo que ayude a fortalecer a los docentes tambi\u00e9n ayuda a mejorar el futuro de nuestros chicos\u201d.<\/p>\n<p>Las personas interesadas en participar pueden solicitar informaci\u00f3n e inscribirse comunic\u00e1ndose al 3496 401960.<\/p>\n","protected":false},"excerpt":{"rendered":"<p>El encuentro se realizar\u00e1 el 14 de abril en el Teatro M\u00e1ximo Vicentin y contar\u00e1 con disertaciones de Mar Romera (Espa\u00f1a), Cristian Sperati y C\u00e9sar Palmieri. La ciudad de Avellaneda ser\u00e1 sede del Congreso Internacional de Educaci\u00f3n, una propuesta organizada por Congresos de Educaci\u00f3n Regi\u00f3n Centro que convocar\u00e1 a docentes, directivos, estudiantes y profesionales del [&hellip;]<\/p>\n","protected":false},"author":3,"featured_media":70499,"comment_status":"open","ping_status":"open","sticky":false,"template":"","format":"standard","meta":{"_joinchat":[],"footnotes":""},"categories":[39,61],"tags":[],"class_list":{"0":"post-70498","1":"post","2":"type-post","3":"status-publish","4":"format-standard","5":"has-post-thumbnail","7":"category-educacion","8":"category-regionales"},"_links":{"self":[{"href":"https:\/\/infovera.com.ar\/web\/wp-json\/wp\/v2\/posts\/70498","targetHints":{"allow":["GET"]}}],"collection":[{"href":"https:\/\/infovera.com.ar\/web\/wp-json\/wp\/v2\/posts"}],"about":[{"href":"https:\/\/infovera.com.ar\/web\/wp-json\/wp\/v2\/types\/post"}],"author":[{"embeddable":true,"href":"https:\/\/infovera.com.ar\/web\/wp-json\/wp\/v2\/users\/3"}],"replies":[{"embeddable":true,"href":"https:\/\/infovera.com.ar\/web\/wp-json\/wp\/v2\/comments?post=70498"}],"version-history":[{"count":0,"href":"https:\/\/infovera.com.ar\/web\/wp-json\/wp\/v2\/posts\/70498\/revisions"}],"wp:featuredmedia":[{"embeddable":true,"href":"https:\/\/infovera.com.ar\/web\/wp-json\/wp\/v2\/media\/70499"}],"wp:attachment":[{"href":"https:\/\/infovera.com.ar\/web\/wp-json\/wp\/v2\/media?parent=70498"}],"wp:term":[{"taxonomy":"category","embeddable":true,"href":"https:\/\/infovera.com.ar\/web\/wp-json\/wp\/v2\/categories?post=70498"},{"taxonomy":"post_tag","embeddable":true,"href":"https:\/\/infovera.com.ar\/web\/wp-json\/wp\/v2\/tags?post=70498"}],"curies":[{"name":"wp","href":"https:\/\/api.w.org\/{rel}","templated":true}]}}