{"id":70489,"date":"2026-03-15T17:18:04","date_gmt":"2026-03-15T20:18:04","guid":{"rendered":"https:\/\/infovera.com.ar\/web\/?p=70489"},"modified":"2026-03-16T10:50:29","modified_gmt":"2026-03-16T13:50:29","slug":"vuelco-en-allende-lezama-sin-lesionados","status":"publish","type":"post","link":"https:\/\/infovera.com.ar\/web\/2026\/03\/15\/vuelco-en-allende-lezama-sin-lesionados\/","title":{"rendered":"Vuelco en Allende Lezama sin lesionados"},"content":{"rendered":"<p><strong>En la ma\u00f1ana de este domingo un m\u00f3vil policial fue comisionados por operadora en turno a Allende Lezama, al norte de la ciudad, un llamado telef\u00f3nico al abonado (101) donde se solicitaba presencia policial,<\/strong> en la cuneta de desag\u00fce del lado del cardinal oeste un autom\u00f3vil Marca Chevrolet corsa, guiado momentos antes por su propietaria, una joven de 28 a\u00f1os de edad, domiciliada en esta ciudad, momentos antes conduc\u00eda su autom\u00f3vil sentido norte\/sur, justo a su hija menor de edad, por causas a establecer, pierde el control de su conducido, la mujer aduce encontrarse tanto ella como su hija en buen estado de salud, solo habr\u00eda da\u00f1os en el veh\u00edculo y que no requiere asistencia m\u00e9dica.<\/p>\n","protected":false},"excerpt":{"rendered":"<p>En la ma\u00f1ana de este domingo un m\u00f3vil policial fue comisionados por operadora en turno a Allende Lezama, al norte de la ciudad, un llamado telef\u00f3nico al abonado (101) donde se solicitaba presencia policial, en la cuneta de desag\u00fce del lado del cardinal oeste un autom\u00f3vil Marca Chevrolet corsa, guiado momentos antes por su propietaria, [&hellip;]<\/p>\n","protected":false},"author":3,"featured_media":70490,"comment_status":"open","ping_status":"open","sticky":false,"template":"","format":"standard","meta":{"_joinchat":[],"footnotes":""},"categories":[30,53],"tags":[],"class_list":{"0":"post-70489","1":"post","2":"type-post","3":"status-publish","4":"format-standard","5":"has-post-thumbnail","7":"category-policiales","8":"category-vera"},"_links":{"self":[{"href":"https:\/\/infovera.com.ar\/web\/wp-json\/wp\/v2\/posts\/70489","targetHints":{"allow":["GET"]}}],"collection":[{"href":"https:\/\/infovera.com.ar\/web\/wp-json\/wp\/v2\/posts"}],"about":[{"href":"https:\/\/infovera.com.ar\/web\/wp-json\/wp\/v2\/types\/post"}],"author":[{"embeddable":true,"href":"https:\/\/infovera.com.ar\/web\/wp-json\/wp\/v2\/users\/3"}],"replies":[{"embeddable":true,"href":"https:\/\/infovera.com.ar\/web\/wp-json\/wp\/v2\/comments?post=70489"}],"version-history":[{"count":0,"href":"https:\/\/infovera.com.ar\/web\/wp-json\/wp\/v2\/posts\/70489\/revisions"}],"wp:featuredmedia":[{"embeddable":true,"href":"https:\/\/infovera.com.ar\/web\/wp-json\/wp\/v2\/media\/70490"}],"wp:attachment":[{"href":"https:\/\/infovera.com.ar\/web\/wp-json\/wp\/v2\/media?parent=70489"}],"wp:term":[{"taxonomy":"category","embeddable":true,"href":"https:\/\/infovera.com.ar\/web\/wp-json\/wp\/v2\/categories?post=70489"},{"taxonomy":"post_tag","embeddable":true,"href":"https:\/\/infovera.com.ar\/web\/wp-json\/wp\/v2\/tags?post=70489"}],"curies":[{"name":"wp","href":"https:\/\/api.w.org\/{rel}","templated":true}]}}