{"id":70484,"date":"2026-03-14T14:27:19","date_gmt":"2026-03-14T17:27:19","guid":{"rendered":"https:\/\/infovera.com.ar\/web\/?p=70484"},"modified":"2026-03-16T10:51:11","modified_gmt":"2026-03-16T13:51:11","slug":"benegas-es-trasladado-a-la-carcel-de-las-flores-sus-familiares-se-manifestaron-en-tribunales","status":"publish","type":"post","link":"https:\/\/infovera.com.ar\/web\/2026\/03\/14\/benegas-es-trasladado-a-la-carcel-de-las-flores-sus-familiares-se-manifestaron-en-tribunales\/","title":{"rendered":"Benegas es trasladado a la c\u00e1rcel de Las Flores: sus familiares se manifestaron en Tribunales"},"content":{"rendered":"<p><strong>El fiscal Leandro Benegas es trasladado a la C\u00e1rcel de Las Flores por disposici\u00f3n judicial.<\/strong><\/p>\n<p>La disposici\u00f3n se efectivizaba pasado este mediod\u00eda por disposici\u00f3n judicial luego de la audiencia de control de legalidad de la detenci\u00f3n presidida por la jueza Claudia Bressan, la misma que orden\u00f3 detener ayer al fiscal verense.<\/p>\n<p>Benegas fue detenido en la noche del viernes en su domicilio particular y c\u00e9ntrico de la ciudad de Vera.<\/p>\n<p>Debido a una patolog\u00eda oncol\u00f3gica y psiqui\u00e1trica que padece no fue alojado de una celda de la alcald\u00eda local sino que qued\u00f3 internado en el Hospital Regional de Vera.<\/p>\n<p>Un familiar del fiscal dijo a<strong> InfoVera<\/strong> que &#8220;tiene c\u00e1ncer en un ri\u00f1\u00f3n &#8220;y que &#8220;es una barbaridad que lo hayan trasladado sin que le hayan dado el alta m\u00e9dica&#8221; en el nosocomio local.<\/p>\n<p>Benegas est\u00e1 imputado por abuso sexual con acceso carnal, la pretensa v\u00edctima es una joven que era menor de edad cuando ocurrieron los hechos denunciados.<\/p>\n<p>Sus familiares y allegados se manifestaron frente a Tribunales para reclamar la libertad del fiscal apartado de su cargo por la Asamblea Legislativa en base a un dictamen de la Comisi\u00f3n de Acuerdos que en forma un\u00e1nime se expidi\u00f3 por la suspensi\u00f3n de sus funciones.<\/p>\n<p>&#8220;Basta de denuncias falsas&#8221;, expresaron.<\/p>\n<p>&nbsp;<\/p>\n","protected":false},"excerpt":{"rendered":"<p>El fiscal Leandro Benegas es trasladado a la C\u00e1rcel de Las Flores por disposici\u00f3n judicial. La disposici\u00f3n se efectivizaba pasado este mediod\u00eda por disposici\u00f3n judicial luego de la audiencia de control de legalidad de la detenci\u00f3n presidida por la jueza Claudia Bressan, la misma que orden\u00f3 detener ayer al fiscal verense. Benegas fue detenido en [&hellip;]<\/p>\n","protected":false},"author":3,"featured_media":70487,"comment_status":"open","ping_status":"open","sticky":false,"template":"","format":"standard","meta":{"_joinchat":[],"footnotes":""},"categories":[30,53],"tags":[],"class_list":{"0":"post-70484","1":"post","2":"type-post","3":"status-publish","4":"format-standard","5":"has-post-thumbnail","7":"category-policiales","8":"category-vera"},"_links":{"self":[{"href":"https:\/\/infovera.com.ar\/web\/wp-json\/wp\/v2\/posts\/70484","targetHints":{"allow":["GET"]}}],"collection":[{"href":"https:\/\/infovera.com.ar\/web\/wp-json\/wp\/v2\/posts"}],"about":[{"href":"https:\/\/infovera.com.ar\/web\/wp-json\/wp\/v2\/types\/post"}],"author":[{"embeddable":true,"href":"https:\/\/infovera.com.ar\/web\/wp-json\/wp\/v2\/users\/3"}],"replies":[{"embeddable":true,"href":"https:\/\/infovera.com.ar\/web\/wp-json\/wp\/v2\/comments?post=70484"}],"version-history":[{"count":0,"href":"https:\/\/infovera.com.ar\/web\/wp-json\/wp\/v2\/posts\/70484\/revisions"}],"wp:featuredmedia":[{"embeddable":true,"href":"https:\/\/infovera.com.ar\/web\/wp-json\/wp\/v2\/media\/70487"}],"wp:attachment":[{"href":"https:\/\/infovera.com.ar\/web\/wp-json\/wp\/v2\/media?parent=70484"}],"wp:term":[{"taxonomy":"category","embeddable":true,"href":"https:\/\/infovera.com.ar\/web\/wp-json\/wp\/v2\/categories?post=70484"},{"taxonomy":"post_tag","embeddable":true,"href":"https:\/\/infovera.com.ar\/web\/wp-json\/wp\/v2\/tags?post=70484"}],"curies":[{"name":"wp","href":"https:\/\/api.w.org\/{rel}","templated":true}]}}