{"id":70482,"date":"2026-03-14T11:00:50","date_gmt":"2026-03-14T14:00:50","guid":{"rendered":"https:\/\/infovera.com.ar\/web\/?p=70482"},"modified":"2026-03-14T11:00:50","modified_gmt":"2026-03-14T14:00:50","slug":"benegas-quedo-alojado-en-el-hospital-sus-defensores-recusaron-a-la-jueza-que-ordeno-su-detencion","status":"publish","type":"post","link":"https:\/\/infovera.com.ar\/web\/2026\/03\/14\/benegas-quedo-alojado-en-el-hospital-sus-defensores-recusaron-a-la-jueza-que-ordeno-su-detencion\/","title":{"rendered":"Benegas qued\u00f3 alojado en el Hospital: sus defensores recusaron a la jueza que orden\u00f3 su detenci\u00f3n"},"content":{"rendered":"<p><strong>El fiscal Leandro Benegas transcurre sus primeras horas detenido en una sala del Hospital Regional de Vera.<\/strong><\/p>\n<p>La Justicia orden\u00f3 hacer efectiva la detenci\u00f3n del fiscal adjunto de la Unidad Fiscal Vera, Leandro Dar\u00edo Benegas, imputado en una causa por abuso sexual con acceso carnal.<\/p>\n<p>Fue luego de que quedara sin efecto la inmunidad de arresto que le imped\u00eda ser detenido hasta el momento. La orden, impartida por la jueza Claudia Bressan, se materializ\u00f3 en la noche del viernes en el domicilio particular del encartado.<\/p>\n<p>Empero, no fue alojado en una celda de la alcaid\u00eda local sino que alojado en una sala del Hospital de Vera, por padecer una patolog\u00eda oncol\u00f3gica y psiqui\u00e1trica.<\/p>\n<p>Esto fue confirmado a <strong>InfoVera<\/strong> por sus familiares y por autoridades del nosocomio verense.<\/p>\n<p>En tanto, en la ma\u00f1ana de este s\u00e1bado se realizaba la audiencia de control de legalidad de la detenci\u00f3n. Los abogados defensores de Benegas iban a plantear la recusaci\u00f3n de la Dra. Bressan en atenci\u00f3n a que &#8220;no puede ser ella misma la que controle la legalidad de la detenci\u00f3n, cuando fue quien orden\u00f3 la medida&#8221;.<\/p>\n<p>&nbsp;<\/p>\n","protected":false},"excerpt":{"rendered":"<p>El fiscal Leandro Benegas transcurre sus primeras horas detenido en una sala del Hospital Regional de Vera. La Justicia orden\u00f3 hacer efectiva la detenci\u00f3n del fiscal adjunto de la Unidad Fiscal Vera, Leandro Dar\u00edo Benegas, imputado en una causa por abuso sexual con acceso carnal. Fue luego de que quedara sin efecto la inmunidad de [&hellip;]<\/p>\n","protected":false},"author":3,"featured_media":51452,"comment_status":"open","ping_status":"open","sticky":false,"template":"","format":"standard","meta":{"_joinchat":[],"footnotes":""},"categories":[56],"tags":[],"class_list":{"0":"post-70482","1":"post","2":"type-post","3":"status-publish","4":"format-standard","5":"has-post-thumbnail","7":"category-destacados"},"_links":{"self":[{"href":"https:\/\/infovera.com.ar\/web\/wp-json\/wp\/v2\/posts\/70482","targetHints":{"allow":["GET"]}}],"collection":[{"href":"https:\/\/infovera.com.ar\/web\/wp-json\/wp\/v2\/posts"}],"about":[{"href":"https:\/\/infovera.com.ar\/web\/wp-json\/wp\/v2\/types\/post"}],"author":[{"embeddable":true,"href":"https:\/\/infovera.com.ar\/web\/wp-json\/wp\/v2\/users\/3"}],"replies":[{"embeddable":true,"href":"https:\/\/infovera.com.ar\/web\/wp-json\/wp\/v2\/comments?post=70482"}],"version-history":[{"count":0,"href":"https:\/\/infovera.com.ar\/web\/wp-json\/wp\/v2\/posts\/70482\/revisions"}],"wp:featuredmedia":[{"embeddable":true,"href":"https:\/\/infovera.com.ar\/web\/wp-json\/wp\/v2\/media\/51452"}],"wp:attachment":[{"href":"https:\/\/infovera.com.ar\/web\/wp-json\/wp\/v2\/media?parent=70482"}],"wp:term":[{"taxonomy":"category","embeddable":true,"href":"https:\/\/infovera.com.ar\/web\/wp-json\/wp\/v2\/categories?post=70482"},{"taxonomy":"post_tag","embeddable":true,"href":"https:\/\/infovera.com.ar\/web\/wp-json\/wp\/v2\/tags?post=70482"}],"curies":[{"name":"wp","href":"https:\/\/api.w.org\/{rel}","templated":true}]}}