{"id":70472,"date":"2026-03-13T20:33:45","date_gmt":"2026-03-13T23:33:45","guid":{"rendered":"https:\/\/infovera.com.ar\/web\/?p=70472"},"modified":"2026-03-16T08:59:38","modified_gmt":"2026-03-16T11:59:38","slug":"detuvieron-al-fiscal-leandro-benegas","status":"publish","type":"post","link":"https:\/\/infovera.com.ar\/web\/2026\/03\/13\/detuvieron-al-fiscal-leandro-benegas\/","title":{"rendered":"Detuvieron al fiscal Leandro Benegas"},"content":{"rendered":"<p data-start=\"83\" data-end=\"359\">La Justicia orden\u00f3 hacer efectiva la detenci\u00f3n del fiscal <strong data-start=\"153\" data-end=\"194\"><span class=\"hover:entity-accent entity-underline inline cursor-pointer align-baseline\"><span class=\"whitespace-normal\">Leandro Dar\u00edo Benegas<\/span><\/span><\/strong>, imputado en una causa por <strong data-start=\"222\" data-end=\"256\">abuso sexual con acceso carnal<\/strong>, luego de que quedara sin efecto la inmunidad de arresto que le imped\u00eda ser detenido hasta el momento.<\/p>\n<p data-start=\"83\" data-end=\"359\">La orden fue impartida por la jueza penal Claudia Bressan y se materializ\u00f3 en la noche del viernes.<\/p>\n<p data-start=\"625\" data-end=\"974\">Tras ser imputado el fiscal, la magistrada Norma Senn hab\u00eda dictado <strong data-start=\"697\" data-end=\"719\">prisi\u00f3n preventiva<\/strong> durante una audiencia realizada el <strong data-start=\"755\" data-end=\"780\">23 de febrero de 2026<\/strong>, aunque la medida no pudo ejecutarse debido a la inmunidad de arresto que pose\u00eda el funcionario por su cargo dentro del Ministerio P\u00fablico de la Acusaci\u00f3n.<\/p>\n<p data-start=\"976\" data-end=\"1333\">Sin embargo, tras recibir el informe de la <strong data-start=\"1019\" data-end=\"1043\">Asamblea Legislativa<\/strong>, que dispuso la <strong data-start=\"1060\" data-end=\"1125\">suspensi\u00f3n de Benegas en el ejercicio de su cargo como fiscal<\/strong>, la Justicia consider\u00f3 que el \u201cescudo protector\u201d que imped\u00eda su detenci\u00f3n qued\u00f3 <strong data-start=\"1206\" data-end=\"1218\">inactivo<\/strong>, habilitando as\u00ed la ejecuci\u00f3n de la prisi\u00f3n preventiva previamente ordenada.<\/p>\n<p data-start=\"1335\" data-end=\"1614\">El decreto fue firmado por la jueza <strong data-start=\"1384\" data-end=\"1425\"><span class=\"hover:entity-accent entity-underline inline cursor-pointer align-baseline\"><span class=\"whitespace-normal\">Claudia Graciela Bressan<\/span><\/span><\/strong>, quien dispuso que se oficie lo necesario para <strong data-start=\"1473\" data-end=\"1501\">efectivizar la detenci\u00f3n<\/strong> del imputado conforme a lo establecido en las leyes provinciales vigentes.<\/p>\n<p data-start=\"1616\" data-end=\"1872\">De esta manera, con la suspensi\u00f3n del funcionario y la ca\u00edda de su inmunidad de arresto, la Justicia qued\u00f3 habilitada para avanzar con la ejecuci\u00f3n de la medida cautelar mientras contin\u00faa el proceso penal en su contra.<\/p>\n","protected":false},"excerpt":{"rendered":"<p>La Justicia orden\u00f3 hacer efectiva la detenci\u00f3n del fiscal Leandro Dar\u00edo Benegas, imputado en una causa por abuso sexual con acceso carnal, luego de que quedara sin efecto la inmunidad de arresto que le imped\u00eda ser detenido hasta el momento. La orden fue impartida por la jueza penal Claudia Bressan y se materializ\u00f3 en la [&hellip;]<\/p>\n","protected":false},"author":3,"featured_media":53043,"comment_status":"open","ping_status":"open","sticky":false,"template":"","format":"standard","meta":{"_joinchat":[],"footnotes":""},"categories":[30,53],"tags":[],"class_list":{"0":"post-70472","1":"post","2":"type-post","3":"status-publish","4":"format-standard","5":"has-post-thumbnail","7":"category-policiales","8":"category-vera"},"_links":{"self":[{"href":"https:\/\/infovera.com.ar\/web\/wp-json\/wp\/v2\/posts\/70472","targetHints":{"allow":["GET"]}}],"collection":[{"href":"https:\/\/infovera.com.ar\/web\/wp-json\/wp\/v2\/posts"}],"about":[{"href":"https:\/\/infovera.com.ar\/web\/wp-json\/wp\/v2\/types\/post"}],"author":[{"embeddable":true,"href":"https:\/\/infovera.com.ar\/web\/wp-json\/wp\/v2\/users\/3"}],"replies":[{"embeddable":true,"href":"https:\/\/infovera.com.ar\/web\/wp-json\/wp\/v2\/comments?post=70472"}],"version-history":[{"count":0,"href":"https:\/\/infovera.com.ar\/web\/wp-json\/wp\/v2\/posts\/70472\/revisions"}],"wp:featuredmedia":[{"embeddable":true,"href":"https:\/\/infovera.com.ar\/web\/wp-json\/wp\/v2\/media\/53043"}],"wp:attachment":[{"href":"https:\/\/infovera.com.ar\/web\/wp-json\/wp\/v2\/media?parent=70472"}],"wp:term":[{"taxonomy":"category","embeddable":true,"href":"https:\/\/infovera.com.ar\/web\/wp-json\/wp\/v2\/categories?post=70472"},{"taxonomy":"post_tag","embeddable":true,"href":"https:\/\/infovera.com.ar\/web\/wp-json\/wp\/v2\/tags?post=70472"}],"curies":[{"name":"wp","href":"https:\/\/api.w.org\/{rel}","templated":true}]}}