{"id":70463,"date":"2026-03-13T14:13:13","date_gmt":"2026-03-13T17:13:13","guid":{"rendered":"https:\/\/infovera.com.ar\/web\/?p=70463"},"modified":"2026-03-16T09:00:07","modified_gmt":"2026-03-16T12:00:07","slug":"murio-una-mujer-de-vera-que-fue-embestida-por-un-toro","status":"publish","type":"post","link":"https:\/\/infovera.com.ar\/web\/2026\/03\/13\/murio-una-mujer-de-vera-que-fue-embestida-por-un-toro\/","title":{"rendered":"Muri\u00f3 una mujer de Vera que fue embestida por un toro"},"content":{"rendered":"<p>La Unidad Regional XIX \u2013 Vera, a trav\u00e9s de Comisar\u00eda Primera, inform\u00f3 que en la ma\u00f1ana de este 13 de marzo, siendo aproximadamente las 09:55 horas, personal policial fue comisionado a la intersecci\u00f3n de calles Gabriela Mistral y Roque S\u00e1enz Pe\u00f1a de la ciudad de Vera, tras recibirse un llamado que alertaba sobre un accidente presuntamente dom\u00e9stico con un animal vacuno.<\/p>\n<p>Al arribar al lugar, se constat\u00f3 que que Petrona Maidana (66) se encontraba realizando tareas rurales fue embestida por un toro, resultando con lesiones de gravedad.<\/p>\n<p>La v\u00edctima fue trasladada de urgencia al Hospital local, donde posteriormente se confirm\u00f3 su fallecimiento.<\/p>\n<p>En el lugar del hecho trabajaron personal policial, peritos de Criminal\u00edstica y dem\u00e1s dependencias correspondientes, realiz\u00e1ndose las diligencias de rigor.<br \/>\nInterviene el Ministerio P\u00fablico de la Acusaci\u00f3n, que dispuso la entrega del cuerpo a sus familiares para su correspondiente sepelio e inhumaci\u00f3n.<br \/>\nLas actuaciones contin\u00faan con las diligencias de rigor.<\/p>\n","protected":false},"excerpt":{"rendered":"<p>La Unidad Regional XIX \u2013 Vera, a trav\u00e9s de Comisar\u00eda Primera, inform\u00f3 que en la ma\u00f1ana de este 13 de marzo, siendo aproximadamente las 09:55 horas, personal policial fue comisionado a la intersecci\u00f3n de calles Gabriela Mistral y Roque S\u00e1enz Pe\u00f1a de la ciudad de Vera, tras recibirse un llamado que alertaba sobre un accidente [&hellip;]<\/p>\n","protected":false},"author":3,"featured_media":70471,"comment_status":"open","ping_status":"open","sticky":false,"template":"","format":"standard","meta":{"_joinchat":[],"footnotes":""},"categories":[30,53],"tags":[],"class_list":{"0":"post-70463","1":"post","2":"type-post","3":"status-publish","4":"format-standard","5":"has-post-thumbnail","7":"category-policiales","8":"category-vera"},"_links":{"self":[{"href":"https:\/\/infovera.com.ar\/web\/wp-json\/wp\/v2\/posts\/70463","targetHints":{"allow":["GET"]}}],"collection":[{"href":"https:\/\/infovera.com.ar\/web\/wp-json\/wp\/v2\/posts"}],"about":[{"href":"https:\/\/infovera.com.ar\/web\/wp-json\/wp\/v2\/types\/post"}],"author":[{"embeddable":true,"href":"https:\/\/infovera.com.ar\/web\/wp-json\/wp\/v2\/users\/3"}],"replies":[{"embeddable":true,"href":"https:\/\/infovera.com.ar\/web\/wp-json\/wp\/v2\/comments?post=70463"}],"version-history":[{"count":0,"href":"https:\/\/infovera.com.ar\/web\/wp-json\/wp\/v2\/posts\/70463\/revisions"}],"wp:featuredmedia":[{"embeddable":true,"href":"https:\/\/infovera.com.ar\/web\/wp-json\/wp\/v2\/media\/70471"}],"wp:attachment":[{"href":"https:\/\/infovera.com.ar\/web\/wp-json\/wp\/v2\/media?parent=70463"}],"wp:term":[{"taxonomy":"category","embeddable":true,"href":"https:\/\/infovera.com.ar\/web\/wp-json\/wp\/v2\/categories?post=70463"},{"taxonomy":"post_tag","embeddable":true,"href":"https:\/\/infovera.com.ar\/web\/wp-json\/wp\/v2\/tags?post=70463"}],"curies":[{"name":"wp","href":"https:\/\/api.w.org\/{rel}","templated":true}]}}