{"id":70458,"date":"2026-03-13T10:37:43","date_gmt":"2026-03-13T13:37:43","guid":{"rendered":"https:\/\/infovera.com.ar\/web\/?p=70458"},"modified":"2026-03-16T09:00:41","modified_gmt":"2026-03-16T12:00:41","slug":"prorrogaron-la-investigacion-por-la-presunta-cesion-de-terrenos-federales-a-privados-en-tartagal","status":"publish","type":"post","link":"https:\/\/infovera.com.ar\/web\/2026\/03\/13\/prorrogaron-la-investigacion-por-la-presunta-cesion-de-terrenos-federales-a-privados-en-tartagal\/","title":{"rendered":"Prorrogaron la investigaci\u00f3n por la presunta cesi\u00f3n de terrenos federales a privados en Tartagal"},"content":{"rendered":"<p><strong>En el marco de la causa que lleva adelante, la Fiscal\u00eda Federal de Reconquista resolvi\u00f3 extender por 30 d\u00edas plazo para completar la investigaci\u00f3n.<\/strong><\/p>\n<p>El fiscal federal Roberto Salum dispuso una p<strong>r\u00f3rroga de 30 en las tareas investigativas<\/strong> por la presunta entrega de terrenos federales a privados en la localidad de Tartagal.<\/p>\n<p>El funcionario indic\u00f3 a <strong>InfoVera<\/strong> que &#8220;hubo una pr\u00f3rroga de 30 d\u00edas mas de investigaci\u00f3n&#8221;, y adelant\u00f3 que <strong>&#8220;seguramente este mes vamos a tener otra audiencia&#8221;.<\/strong><\/p>\n<p>Consultado sobre la situaci\u00f3n procesal de Nelson Elham, presidente comunal apuntado por los hechos, Salum se mostr\u00f3 cauto sobre detalles de la causa y explic\u00f3 que &#8220;todav\u00eda no tiene status procesal&#8221;. <strong>Agreg\u00f3 que &#8220;por ahora se lo investiga&#8221;.<\/strong><\/p>\n<p>La justicia federal fij\u00f3 su atenci\u00f3n en el jefe comunal norte\u00f1o a ra\u00edz de una denuncia presentada el a\u00f1o pasado por una persona en representaci\u00f3n del espacio &#8220;Huellas del Tanino&#8221;, una entidad en v\u00edas de constituci\u00f3n que defiende el patrimonio cultural hist\u00f3rico, <strong>por la sospecha de que la administraci\u00f3n comunal estar\u00eda loteando y entregando terrenos del Paseo Ferroviario a terceros.<\/strong><\/p>\n<p><strong>El origen de la denuncia<\/strong><\/p>\n<p>En declaraciones formuladas al iniciarse las actuaciones, el fiscal explic\u00f3 que la causa se inici\u00f3 a partir de una denuncia presentada por una persona que se present\u00f3 en nombre de una asociaci\u00f3n.<\/p>\n<p>\u201cEs una persona que vino invocando el nombre de una asociaci\u00f3n. La verdad que no s\u00e9 si est\u00e1n formalmente constituidos, nosotros lo tomamos como una denuncia personal. Nos hab\u00edan manifestado que era un colectivo que se llama &#8216;Huellas del Tanino&#8217;, y que se dedica a la preservaci\u00f3n y la divulgaci\u00f3n de la cultura de esa \u00e9poca, de la forestal y de los ferrocarriles en esa zona\u201d, se\u00f1al\u00f3.<\/p>\n<p>Respecto de la modalidad de la presunta maniobra, Salum expuso: <strong>\u201cNo sabemos todav\u00eda si eso se hac\u00eda por venta, por entrega, o entrega para el uso, etc\u00e9tera.<\/strong> Lo que s\u00ed estamos seguros es que eso es propiedad del Estado Nacional, que est\u00e1 administrado por ADIF, y que no hay ning\u00fan tipo de convenio que permitir\u00eda esa cesi\u00f3n\u201d.<\/p>\n<p><strong>Allanamientos<\/strong><\/p>\n<p>El martes 18 de septiembre, por averiguaci\u00f3n de delito, se orden\u00f3 el allanamiento de la sede comunal de Tartagal. La medida solicitada por la Fiscal\u00eda se concret\u00f3 en el edificio comunal ubicado en la intersecci\u00f3n de calles San Mart\u00edn y Gobernador Jorge Obeid de la localidad.<\/p>\n<p>Seg\u00fan el oficio judicial, adem\u00e1s del allanamiento en la Comuna, <strong>tambi\u00e9n se autoriz\u00f3 un procedimiento en la vivienda de Nelson Julio Ram\u00f3n Elham, domiciliado en calle Gobernador Obeid s\/n, de la misma localidad.<\/strong> La casa, pintada de amarillo y ubicada sobre una calle de ripio, funcionar\u00eda a la vez como gomer\u00eda y surtidor de combustible.<\/p>\n<p>Ambos procedimientos fueron ordenados en el <strong>marco de la pesquisa judicial por supuesta venta o entrega de terrenos del Paseo Forestal,<\/strong> y contaron con precisas referencias de geoposicionamiento aportadas por la Fiscal\u00eda.<\/p>\n<p>Los operativos fueron llevados adelante por Gendarmer\u00eda Nacional y se enmarcaron en una causa caratulada como \u201cNN sobre averiguaci\u00f3n de delito\u201d, vinculada a la presunta cesi\u00f3n o entrega de terrenos pertenecientes al ferrocarril, que son bienes del Estado Nacional bajo administraci\u00f3n de ADIF (Administraci\u00f3n de Infraestructuras Ferroviarias).<\/p>\n<p>\u201cLa denuncia se present\u00f3 contra el presidente comunal de Tartagal, manifestando que estaba loteando y entregando terrenos que pertenecen al ferrocarril, es decir, al Estado Nacional. Una vez que recibimos la denuncia, en unos 15 d\u00edas empezamos a acumular elementos y pedimos los allanamientos para obtener documentaci\u00f3n que avale esos dichos\u201d, consign\u00f3 Salum en aquel momento a <strong>InfoVera<\/strong>.<\/p>\n<p><a href=\"https:\/\/infovera.com.ar\/web\/wp-content\/uploads\/2026\/03\/tarta.png\"><img loading=\"lazy\" decoding=\"async\" class=\"alignleft size-full wp-image-70459\" src=\"https:\/\/infovera.com.ar\/web\/wp-content\/uploads\/2026\/03\/tarta.png\" alt=\"\" width=\"1073\" height=\"554\" srcset=\"https:\/\/infovera.com.ar\/web\/wp-content\/uploads\/2026\/03\/tarta.png 1073w, https:\/\/infovera.com.ar\/web\/wp-content\/uploads\/2026\/03\/tarta-813x420.png 813w, https:\/\/infovera.com.ar\/web\/wp-content\/uploads\/2026\/03\/tarta-696x359.png 696w, https:\/\/infovera.com.ar\/web\/wp-content\/uploads\/2026\/03\/tarta-1068x551.png 1068w\" sizes=\"auto, (max-width: 1073px) 100vw, 1073px\" \/><\/a><\/p>\n<p><strong>Documentaci\u00f3n secuestrada<\/strong><\/p>\n<p>Seg\u00fan precis\u00f3 el fiscal, el objetivo de los procedimientos fue recolectar documentaci\u00f3n en sentido amplio, lo que incluye papeles, registros administrativos y tambi\u00e9n evidencia digital.<\/p>\n<p>\u201cEn estos casos lo que se busca es documentaci\u00f3n y, cuando digo documentaci\u00f3n, lo digo en un sentido amplio: incluye la evidencia electr\u00f3nica o digital que pueda haber en celulares y particularmente en los sistemas inform\u00e1ticos. Eso es lo que ahora nosotros tenemos que empezar a analizar mediante pericias\u201d, detall\u00f3.<\/p>\n<p>Finalizados los allanamientos, el fiscal Salum advirti\u00f3 que reci\u00e9n se estaba en la etapa de peritaje: \u201cTenemos que acelerar el an\u00e1lisis porque los tiempos son cortos, pero necesitamos esa documentaci\u00f3n para determinar si corresponde formular una imputaci\u00f3n\u201d.<\/p>\n<p>&nbsp;<\/p>\n","protected":false},"excerpt":{"rendered":"<p>En el marco de la causa que lleva adelante, la Fiscal\u00eda Federal de Reconquista resolvi\u00f3 extender por 30 d\u00edas plazo para completar la investigaci\u00f3n. El fiscal federal Roberto Salum dispuso una pr\u00f3rroga de 30 en las tareas investigativas por la presunta entrega de terrenos federales a privados en la localidad de Tartagal. El funcionario indic\u00f3 [&hellip;]<\/p>\n","protected":false},"author":3,"featured_media":70460,"comment_status":"open","ping_status":"open","sticky":false,"template":"","format":"standard","meta":{"_joinchat":[],"footnotes":""},"categories":[51,30],"tags":[],"class_list":{"0":"post-70458","1":"post","2":"type-post","3":"status-publish","4":"format-standard","5":"has-post-thumbnail","7":"category-locales","8":"category-policiales"},"_links":{"self":[{"href":"https:\/\/infovera.com.ar\/web\/wp-json\/wp\/v2\/posts\/70458","targetHints":{"allow":["GET"]}}],"collection":[{"href":"https:\/\/infovera.com.ar\/web\/wp-json\/wp\/v2\/posts"}],"about":[{"href":"https:\/\/infovera.com.ar\/web\/wp-json\/wp\/v2\/types\/post"}],"author":[{"embeddable":true,"href":"https:\/\/infovera.com.ar\/web\/wp-json\/wp\/v2\/users\/3"}],"replies":[{"embeddable":true,"href":"https:\/\/infovera.com.ar\/web\/wp-json\/wp\/v2\/comments?post=70458"}],"version-history":[{"count":0,"href":"https:\/\/infovera.com.ar\/web\/wp-json\/wp\/v2\/posts\/70458\/revisions"}],"wp:featuredmedia":[{"embeddable":true,"href":"https:\/\/infovera.com.ar\/web\/wp-json\/wp\/v2\/media\/70460"}],"wp:attachment":[{"href":"https:\/\/infovera.com.ar\/web\/wp-json\/wp\/v2\/media?parent=70458"}],"wp:term":[{"taxonomy":"category","embeddable":true,"href":"https:\/\/infovera.com.ar\/web\/wp-json\/wp\/v2\/categories?post=70458"},{"taxonomy":"post_tag","embeddable":true,"href":"https:\/\/infovera.com.ar\/web\/wp-json\/wp\/v2\/tags?post=70458"}],"curies":[{"name":"wp","href":"https:\/\/api.w.org\/{rel}","templated":true}]}}