{"id":70455,"date":"2026-03-13T10:05:19","date_gmt":"2026-03-13T13:05:19","guid":{"rendered":"https:\/\/infovera.com.ar\/web\/?p=70455"},"modified":"2026-03-13T10:05:19","modified_gmt":"2026-03-13T13:05:19","slug":"la-gallareta-nicola-destaco-avances-en-obras-viales-y-trabajos-rurales-durante-la-semana-de-gestion","status":"publish","type":"post","link":"https:\/\/infovera.com.ar\/web\/2026\/03\/13\/la-gallareta-nicola-destaco-avances-en-obras-viales-y-trabajos-rurales-durante-la-semana-de-gestion\/","title":{"rendered":"La Gallareta: Nicola destac\u00f3 avances en obras viales y trabajos rurales durante la semana de gesti\u00f3n"},"content":{"rendered":"<p><strong>El presidente comunal de La Gallareta, Fernando Nicola, realiz\u00f3 un balance de las gestiones y trabajos desarrollados durante la \u00faltima semana en la localidad, destacando avances en infraestructura vial, mejoras en caminos rurales y tareas de mantenimiento urbano.<\/strong><\/p>\n<p>Entre los hechos m\u00e1s relevantes mencion\u00f3 la apertura de sobres para la licitaci\u00f3n de la repavimentaci\u00f3n de la Ruta Provincial 83S, una obra esperada desde hace tiempo por los vecinos de la regi\u00f3n.<\/p>\n<p>\u201cEsta semana vivimos un momento hist\u00f3rico con la apertura de sobres para la licitaci\u00f3n de la repavimentaci\u00f3n de la Ruta Provincial 83S, una obra largamente esperada por toda nuestra comunidad\u201d, expres\u00f3 el mandatario comunal.<\/p>\n<p>Nicola atribuy\u00f3 este avance a la decisi\u00f3n pol\u00edtica del gobierno provincial encabezado por el gobernador Maximiliano Pullaro, que impulsa distintas obras de infraestructura en el norte santafesino.<\/p>\n<p><strong>Trabajos en la zona rural<\/strong><\/p>\n<p>En paralelo, el jefe comunal inform\u00f3 que contin\u00faan desarroll\u00e1ndose trabajos en la zona rural, con tareas de extracci\u00f3n de suelo, colocaci\u00f3n de tubos y m\u00f3dulos, destinadas a mejorar caminos y accesos utilizados por productores y vecinos.<\/p>\n<p>En ese marco, pidi\u00f3 colaboraci\u00f3n a la comunidad para preservar las obras en ejecuci\u00f3n.<\/p>\n<p>\u201cPedimos a la comunidad no transitar los d\u00edas de lluvia y evitar la presencia de animales sobre la calzada natural, ya que son trabajos que debemos cuidar entre todos\u201d, se\u00f1al\u00f3.<\/p>\n<p><strong>Mantenimiento urbano<\/strong><\/p>\n<p>Adem\u00e1s, la comuna contin\u00faa realizando tareas en el ejido urbano, principalmente desmalezado y mantenimiento de calles de ripio, con el objetivo de mantener la localidad en buenas condiciones de transitabilidad.<\/p>\n<p>\u201cCuando hay gesti\u00f3n, compromiso y decisi\u00f3n pol\u00edtica, las obras llegan y los pueblos crecen\u201d, sostuvo Nicola.<\/p>\n<p>Finalmente, el presidente comunal agradeci\u00f3 el trabajo de los operarios y el acompa\u00f1amiento de Vialidad Provincial, que colabora en la ejecuci\u00f3n de las obras.<\/p>\n<p>\u201cSeguimos gestionando, trabajando y defendiendo el crecimiento de nuestro pueblo\u201d, concluy\u00f3.<\/p>\n","protected":false},"excerpt":{"rendered":"<p>El presidente comunal de La Gallareta, Fernando Nicola, realiz\u00f3 un balance de las gestiones y trabajos desarrollados durante la \u00faltima semana en la localidad, destacando avances en infraestructura vial, mejoras en caminos rurales y tareas de mantenimiento urbano. Entre los hechos m\u00e1s relevantes mencion\u00f3 la apertura de sobres para la licitaci\u00f3n de la repavimentaci\u00f3n de [&hellip;]<\/p>\n","protected":false},"author":3,"featured_media":70456,"comment_status":"open","ping_status":"open","sticky":false,"template":"","format":"standard","meta":{"_joinchat":[],"footnotes":""},"categories":[51,29],"tags":[],"class_list":{"0":"post-70455","1":"post","2":"type-post","3":"status-publish","4":"format-standard","5":"has-post-thumbnail","7":"category-locales","8":"category-obras"},"_links":{"self":[{"href":"https:\/\/infovera.com.ar\/web\/wp-json\/wp\/v2\/posts\/70455","targetHints":{"allow":["GET"]}}],"collection":[{"href":"https:\/\/infovera.com.ar\/web\/wp-json\/wp\/v2\/posts"}],"about":[{"href":"https:\/\/infovera.com.ar\/web\/wp-json\/wp\/v2\/types\/post"}],"author":[{"embeddable":true,"href":"https:\/\/infovera.com.ar\/web\/wp-json\/wp\/v2\/users\/3"}],"replies":[{"embeddable":true,"href":"https:\/\/infovera.com.ar\/web\/wp-json\/wp\/v2\/comments?post=70455"}],"version-history":[{"count":0,"href":"https:\/\/infovera.com.ar\/web\/wp-json\/wp\/v2\/posts\/70455\/revisions"}],"wp:featuredmedia":[{"embeddable":true,"href":"https:\/\/infovera.com.ar\/web\/wp-json\/wp\/v2\/media\/70456"}],"wp:attachment":[{"href":"https:\/\/infovera.com.ar\/web\/wp-json\/wp\/v2\/media?parent=70455"}],"wp:term":[{"taxonomy":"category","embeddable":true,"href":"https:\/\/infovera.com.ar\/web\/wp-json\/wp\/v2\/categories?post=70455"},{"taxonomy":"post_tag","embeddable":true,"href":"https:\/\/infovera.com.ar\/web\/wp-json\/wp\/v2\/tags?post=70455"}],"curies":[{"name":"wp","href":"https:\/\/api.w.org\/{rel}","templated":true}]}}