{"id":70451,"date":"2026-03-13T09:10:33","date_gmt":"2026-03-13T12:10:33","guid":{"rendered":"https:\/\/infovera.com.ar\/web\/?p=70451"},"modified":"2026-03-14T11:06:55","modified_gmt":"2026-03-14T14:06:55","slug":"nueva-ley-organica-de-municipios-el-93-de-las-localidades-tendra-elecciones-cada-4-anos-dijo-michlig","status":"publish","type":"post","link":"https:\/\/infovera.com.ar\/web\/2026\/03\/13\/nueva-ley-organica-de-municipios-el-93-de-las-localidades-tendra-elecciones-cada-4-anos-dijo-michlig\/","title":{"rendered":"Nueva Ley Org\u00e1nica de Municipios: \u201cEl 93% de las localidades tendr\u00e1 elecciones cada 4 a\u00f1os&#8221;, dijo Michlig"},"content":{"rendered":"<p><strong>Este jueves, la C\u00e1mara de senadores de la Provincia de Santa Fe, en la Sesi\u00f3n Ordinaria N\u00b0 2 del Per\u00edodo 144, presidida por el senador Felipe Michlig otorg\u00f3 media sanci\u00f3n a la nueva Ley Org\u00e1nica de Municipios, en el marco de lo ordenado por la nueva constituci\u00f3n provincial sancionada en septiembre de 2025.<\/strong><\/p>\n<p>En la misma jornada, luego de la sanci\u00f3n en la c\u00e1mara alta, el proyecto\u00a0pas\u00f3 a la C\u00e1mara de Diputados, en donde se aprob\u00f3 el tratamiento con preferencia para el 9 de abril del presente.<\/p>\n<p>Felipe Michlig reflexion\u00f3 que \u201cuna a vez que se convierta en Ley el mensaje del Ejecutivo quedar\u00e1n derogadas la Ley Org\u00e1nica de Comunas 2439\/1935 y la Ley Org\u00e1nica de Municipalidades 2756\/1939, que rigieron por m\u00e1s de 80 a\u00f1os -a trav\u00e9s de distintas modificaciones- hasta el presente, para ser reemplazadas por esta nueva Ley que modernizar\u00e1 y eficientizar\u00e1 el funcionamiento institucional de los gobiernos locales y bajar\u00e1 los gastos de la pol\u00edtica\u201d.<\/p>\n<p><strong>Amplio consenso<\/strong><\/p>\n<p>El Mensaje enviado por el Ejecutivo en diciembre pasado-\u00a0cont\u00f3 con los votos tanto del oficialismo como de la oposici\u00f3n\u00a0y cuenta con\u00a0111 art\u00edculos, en donde se introduce la figura la\u00a0autonom\u00eda municipal,\u00a0los recursos, las cartas org\u00e1nicas de los municipios, regionalizaci\u00f3n, \u00e1reas metropolitanas y asociaci\u00f3n\u00a0Municipal; competencias, justicia de falta, la conformaci\u00f3n de los Concejos,\u00a0plazos electorales y de mandatos,\u00a0entre otros.<\/p>\n<p>El\u00a0presidente provisional Felipe Michlig\u00a0resalt\u00f3 que \u00abhoy estamos dando media sanci\u00f3n, por unanimidad de todos los senadores presentes (18),\u00a0en el marco del mandato de la\u00a0Nueva Constituci\u00f3n Provincial, a una\u00a0ley hist\u00f3rica para la vida institucional de los 365 gobiernos locales\u00a0de la Provincia de Santa Fe\u00bb.<\/p>\n<p><strong>\u201cBajar los gastos de la pol\u00edtica\u201d<\/strong><\/p>\n<p>\u201cUna vez tratada por diputados, seguro\u00a0vamos a tener una ley \u00fanica, abarcativa, consensuada y muy trabajada, que permitir\u00e1\u00a0bajar el gasto de la pol\u00edtica como nos pide la gente,\u00a0fundamentalmente con elecciones\u00a0cada 4 en el 93% de los distritos, adem\u00e1s de brindarles mayor autonom\u00eda a los gobiernos locales\u201d.<\/p>\n<p>\u201cAdem\u00e1s, en un todo de acuerdo con lo ordenado por la Constituci\u00f3n del \u201925, se termina con las reelecciones indefinidas, ya que solo se podr\u00e1 tener una reelecci\u00f3n ininterrumpida, y luego viene el recambio, en todos los cargos electivos\u201d.<\/p>\n<p><strong>Resultado de mucho trabajo y del di\u00e1logo institucional<\/strong><\/p>\n<p>\u201cEsto es el resultado de\u00a0mucho di\u00e1logo con todos los actores institucionales interesados\u00a0en participar de esta construcci\u00f3n con\u00a0intercambio de opiniones y miradas de distintos tipos. Es as\u00ed como primero nos reunimos con los intendentes y concejales de Santa Fe y Rosario, con el\u00a0Foro de intendentes\u00a0radicales, con\u00a0representantes\u00a0los\u00a0trabajadores municipales, con\u00a0autoridades del Servicio de Catastro e Informaci\u00f3n Territorial, con representantes de la\u00a0Federaci\u00f3n de Cooperadoras Escolares\u00a0para intercambiar propuestas vinculadas al Fondo de Asistencia Educativa (FAE), dem\u00e1s\u00a0intendentes y presidentes comunales, entre otros\u201d. Indic\u00f3 Michlig.<\/p>\n<p><strong>Organizaci\u00f3n institucional<\/strong><\/p>\n<p>El Senador\u00a0Michlig repar\u00f3 en la organizaci\u00f3n institucional que permitir\u00e1 achicar las estructuras municipales\u00a0seg\u00fan el art\u00edculo 21, en cuanto a las\u00a0funciones ejecutiva y legislativas,\u00a0seg\u00fan el siguiente modo:<\/p>\n<p>1) las que tengan\u00a0hasta tres mil (3.000) habitantes: con\u00a0un Intendente a cargo\u00a0de la funci\u00f3n ejecutiva y\u00a0una Comisi\u00f3n Municipal\u00a0a cargo de la funci\u00f3n legislativa integrada por\u00a0tres (3) miembros.<\/p>\n<p>2) las que tengan\u00a0entre tres mil (3.000) y diez mil (10.000)\u00a0habitantes: con\u00a0un Intendente a cargo\u00a0de la funci\u00f3n ejecutiva y una\u00a0Comisi\u00f3n Municipal a cargo de la funci\u00f3n legislativa integrada por cinco (5) miembros.<\/p>\n<p>3) las que tengan\u00a0entre diez mil (10.000) y veinte mil (20.000) habitantes: con un\u00a0Intendente a cargo\u00a0de la funci\u00f3n ejecutiva y\u00a0un Concejo Municipal a cargo de la funci\u00f3n legislativa integrado por cinco (5) miembros.<\/p>\n<p>4) las que tengan entre\u00a0veinte mil (20.000) y cincuenta mil (50.000) habitantes: con un\u00a0Intendente a cargo\u00a0de la funci\u00f3n ejecutiva y un\u00a0Concejo Municipal a cargo de la funci\u00f3n legislativa integrado por siete (7) miembros.<\/p>\n<p>5) las que tengan\u00a0entre cincuenta mil (50.000) y ochenta mil (80.000) habitantes: con un\u00a0Intendente a cargo\u00a0de la funci\u00f3n ejecutiva y un\u00a0Concejo Municipal a cargo de la funci\u00f3n legislativa integrado por nueve (9) miembros.<\/p>\n<p>6) las que tengan entre\u00a0ochenta mil (80.000) y ciento cincuenta mil (150.000) habitantes:\u00a0con\u00a0un Intendente a cargo\u00a0de la funci\u00f3n ejecutiva y\u00a0un Concejo Municipal a cargo de la funci\u00f3n legislativa integrado por once (11)\u00a0miembros.<\/p>\n<p>7) las que tengan\u00a0m\u00e1s de ciento cincuenta mil (150.000) habitantes: con\u00a0un Intendente a cargo\u00a0de la funci\u00f3n ejecutiva y un Concejo Municipal, a cargo de la funci\u00f3n legislativa,\u00a0que sumar\u00e1 dos concejales cada cien mil (100.000) habitantes.<\/p>\n<p>Las ciudades de\u00a0Rosario y Santa Fe mantendr\u00e1n la cantidad de concejales\u00a0que tienen al momento de la entrada en vigor de la presente ley.<\/p>\n<p>\u201cEl 93% de las localidades tendr\u00e1 elecciones cada 4 a\u00f1os (316 localidades) y el resto (25 localidades) renovar\u00e1n los concejos por mitades cada 2 a\u00f1os\u201d,\u00a0explic\u00f3 el presidente provisional del senado\u00a0Felipe Michlig.<\/p>\n","protected":false},"excerpt":{"rendered":"<p>Este jueves, la C\u00e1mara de senadores de la Provincia de Santa Fe, en la Sesi\u00f3n Ordinaria N\u00b0 2 del Per\u00edodo 144, presidida por el senador Felipe Michlig otorg\u00f3 media sanci\u00f3n a la nueva Ley Org\u00e1nica de Municipios, en el marco de lo ordenado por la nueva constituci\u00f3n provincial sancionada en septiembre de 2025. En la [&hellip;]<\/p>\n","protected":false},"author":3,"featured_media":70452,"comment_status":"open","ping_status":"open","sticky":false,"template":"","format":"standard","meta":{"_joinchat":[],"footnotes":""},"categories":[60],"tags":[],"class_list":{"0":"post-70451","1":"post","2":"type-post","3":"status-publish","4":"format-standard","5":"has-post-thumbnail","7":"category-provinciales"},"_links":{"self":[{"href":"https:\/\/infovera.com.ar\/web\/wp-json\/wp\/v2\/posts\/70451","targetHints":{"allow":["GET"]}}],"collection":[{"href":"https:\/\/infovera.com.ar\/web\/wp-json\/wp\/v2\/posts"}],"about":[{"href":"https:\/\/infovera.com.ar\/web\/wp-json\/wp\/v2\/types\/post"}],"author":[{"embeddable":true,"href":"https:\/\/infovera.com.ar\/web\/wp-json\/wp\/v2\/users\/3"}],"replies":[{"embeddable":true,"href":"https:\/\/infovera.com.ar\/web\/wp-json\/wp\/v2\/comments?post=70451"}],"version-history":[{"count":0,"href":"https:\/\/infovera.com.ar\/web\/wp-json\/wp\/v2\/posts\/70451\/revisions"}],"wp:featuredmedia":[{"embeddable":true,"href":"https:\/\/infovera.com.ar\/web\/wp-json\/wp\/v2\/media\/70452"}],"wp:attachment":[{"href":"https:\/\/infovera.com.ar\/web\/wp-json\/wp\/v2\/media?parent=70451"}],"wp:term":[{"taxonomy":"category","embeddable":true,"href":"https:\/\/infovera.com.ar\/web\/wp-json\/wp\/v2\/categories?post=70451"},{"taxonomy":"post_tag","embeddable":true,"href":"https:\/\/infovera.com.ar\/web\/wp-json\/wp\/v2\/tags?post=70451"}],"curies":[{"name":"wp","href":"https:\/\/api.w.org\/{rel}","templated":true}]}}