{"id":70446,"date":"2026-03-12T16:45:32","date_gmt":"2026-03-12T19:45:32","guid":{"rendered":"https:\/\/infovera.com.ar\/web\/?p=70446"},"modified":"2026-03-14T11:07:24","modified_gmt":"2026-03-14T14:07:24","slug":"ariel-bermudez-el-2026-sera-el-ano-de-la-consolidacion-definitiva-de-los-juicio-por-jurados-en-nuestra-provincia","status":"publish","type":"post","link":"https:\/\/infovera.com.ar\/web\/2026\/03\/12\/ariel-bermudez-el-2026-sera-el-ano-de-la-consolidacion-definitiva-de-los-juicio-por-jurados-en-nuestra-provincia\/","title":{"rendered":"Ariel Berm\u00fadez: \u201cEl 2026 ser\u00e1 el a\u00f1o de la consolidaci\u00f3n definitiva de los juicio por jurados en nuestra provincia\u201d"},"content":{"rendered":"<p><strong>En el marco del acto de apertura del A\u00f1o Judicial 2026, el diputado provincial de CREO, Ariel Berm\u00fadez, destac\u00f3 el avance y la efectividad de la Ley de Juicio por Jurados, proyecto de su autor\u00eda que este a\u00f1o alcanzar\u00e1 su implementaci\u00f3n plena en todo el territorio santafesino.<\/strong><\/p>\n<p>Berm\u00fadez, quien particip\u00f3 de la ceremonia encabezada por el presidente de la Corte Suprema de Justicia de Santa Fe (CSJSF), Dr. Rafael Guti\u00e9rrez, subray\u00f3 la importancia de las estad\u00edsticas oficiales, arrojadas por el presidente del m\u00e1ximo tribunal, y que validan la confianza ciudadana en este nuevo sistema de enjuiciamiento penal.<\/p>\n<p>\u201cComo autor de esta ley, es una alegr\u00eda ver que los datos hablan por s\u00ed solos y reafirman nuestro anhelo durante muchos a\u00f1os. El Dr. Guti\u00e9rrez fue contundente: tras participar en los juicios, la percepci\u00f3n de excelencia sobre el desempe\u00f1o de la Justicia subi\u00f3 del 25% al 34% entre los ciudadanos\u201d, afirm\u00f3 el legislador.<\/p>\n<p><strong>Participaci\u00f3n ciudadana y transparencia<\/strong><\/p>\n<p>El diputado resalt\u00f3 que la experiencia vivenciada por los santafesinos ha sido transformadora. Seg\u00fan el relevamiento de la Corte, en suma, el 70% de los jurados consider\u00f3 la experiencia como &#8220;muy positiva y excelente&#8221; y el 88% destac\u00f3 el excelente trato recibido por parte del personal judicial durante las jornadas de debate.<\/p>\n<p>\u201cEstos n\u00fameros demuestran que, cuando les damos las herramientas, los santafesinos asumen con una responsabilidad inmensa la tarea de impartir justicia\u201d, sostuvo Berm\u00fadez.<\/p>\n<p><strong>Un 2026 con juicio por jurados en toda la provincia<\/strong><\/p>\n<p>El legislador santafesino enfatiz\u00f3 que el 2026 marca un hito hist\u00f3rico, ya que se completar\u00e1 el despliegue de esta modalidad en toda la bota con su implementaci\u00f3n en la Circunscripci\u00f3n N\u00b02 perteneciente a Rosario. Hasta el momento, se han realizado cinco juicios exitosos en sedes como San Crist\u00f3bal, Reconquista y Santa Fe, con la participaci\u00f3n de m\u00e1s de 140 ciudadanos.<\/p>\n<p>\u201cEste es un hecho para celebrar junto a cada santafesino. Este a\u00f1o ser\u00e1 el a\u00f1o tendremos el primer juicio por jurados en Rosario y se completar\u00e1 as\u00ed la democratizaci\u00f3n de la justicia de punta a punta en nuestra provincia. Esto es, sin dudas, un logro para celebrar junto a cada santafesino\u201d, concluy\u00f3.<\/p>\n<p><a href=\"https:\/\/infovera.com.ar\/web\/wp-content\/uploads\/2026\/03\/WhatsApp-Image-2026-03-12-at-4.41.41-PM.jpeg\"><img loading=\"lazy\" decoding=\"async\" class=\"alignleft size-full wp-image-70448\" src=\"https:\/\/infovera.com.ar\/web\/wp-content\/uploads\/2026\/03\/WhatsApp-Image-2026-03-12-at-4.41.41-PM.jpeg\" alt=\"\" width=\"2560\" height=\"1707\" srcset=\"https:\/\/infovera.com.ar\/web\/wp-content\/uploads\/2026\/03\/WhatsApp-Image-2026-03-12-at-4.41.41-PM.jpeg 2560w, https:\/\/infovera.com.ar\/web\/wp-content\/uploads\/2026\/03\/WhatsApp-Image-2026-03-12-at-4.41.41-PM-630x420.jpeg 630w, https:\/\/infovera.com.ar\/web\/wp-content\/uploads\/2026\/03\/WhatsApp-Image-2026-03-12-at-4.41.41-PM-696x464.jpeg 696w, https:\/\/infovera.com.ar\/web\/wp-content\/uploads\/2026\/03\/WhatsApp-Image-2026-03-12-at-4.41.41-PM-1068x712.jpeg 1068w\" sizes=\"auto, (max-width: 2560px) 100vw, 2560px\" \/><\/a><\/p>\n","protected":false},"excerpt":{"rendered":"<p>En el marco del acto de apertura del A\u00f1o Judicial 2026, el diputado provincial de CREO, Ariel Berm\u00fadez, destac\u00f3 el avance y la efectividad de la Ley de Juicio por Jurados, proyecto de su autor\u00eda que este a\u00f1o alcanzar\u00e1 su implementaci\u00f3n plena en todo el territorio santafesino. Berm\u00fadez, quien particip\u00f3 de la ceremonia encabezada por [&hellip;]<\/p>\n","protected":false},"author":3,"featured_media":70447,"comment_status":"open","ping_status":"open","sticky":false,"template":"","format":"standard","meta":{"_joinchat":[],"footnotes":""},"categories":[60],"tags":[],"class_list":{"0":"post-70446","1":"post","2":"type-post","3":"status-publish","4":"format-standard","5":"has-post-thumbnail","7":"category-provinciales"},"_links":{"self":[{"href":"https:\/\/infovera.com.ar\/web\/wp-json\/wp\/v2\/posts\/70446","targetHints":{"allow":["GET"]}}],"collection":[{"href":"https:\/\/infovera.com.ar\/web\/wp-json\/wp\/v2\/posts"}],"about":[{"href":"https:\/\/infovera.com.ar\/web\/wp-json\/wp\/v2\/types\/post"}],"author":[{"embeddable":true,"href":"https:\/\/infovera.com.ar\/web\/wp-json\/wp\/v2\/users\/3"}],"replies":[{"embeddable":true,"href":"https:\/\/infovera.com.ar\/web\/wp-json\/wp\/v2\/comments?post=70446"}],"version-history":[{"count":0,"href":"https:\/\/infovera.com.ar\/web\/wp-json\/wp\/v2\/posts\/70446\/revisions"}],"wp:featuredmedia":[{"embeddable":true,"href":"https:\/\/infovera.com.ar\/web\/wp-json\/wp\/v2\/media\/70447"}],"wp:attachment":[{"href":"https:\/\/infovera.com.ar\/web\/wp-json\/wp\/v2\/media?parent=70446"}],"wp:term":[{"taxonomy":"category","embeddable":true,"href":"https:\/\/infovera.com.ar\/web\/wp-json\/wp\/v2\/categories?post=70446"},{"taxonomy":"post_tag","embeddable":true,"href":"https:\/\/infovera.com.ar\/web\/wp-json\/wp\/v2\/tags?post=70446"}],"curies":[{"name":"wp","href":"https:\/\/api.w.org\/{rel}","templated":true}]}}