{"id":70441,"date":"2026-03-12T15:49:02","date_gmt":"2026-03-12T18:49:02","guid":{"rendered":"https:\/\/infovera.com.ar\/web\/?p=70441"},"modified":"2026-03-12T15:49:02","modified_gmt":"2026-03-12T18:49:02","slug":"sigue-el-plan-de-lucha-docente","status":"publish","type":"post","link":"https:\/\/infovera.com.ar\/web\/2026\/03\/12\/sigue-el-plan-de-lucha-docente\/","title":{"rendered":"Sigue el plan de lucha docente"},"content":{"rendered":"<p>Tal como fue adelantado, el plan de lucha de los docentes , tanto de Amsafe como de Sadop, continuar\u00e1 durante la tarde de hoy en Vera y Calchaqu\u00ed.<\/p>\n<p>En ambas ciudades se instalar\u00e1n los docentes para dar continuidad a lo resuelto por Asamblea en que decidi\u00f3 que durante el d\u00eda de hoy el reclamo fuera simult\u00e1neo en toda la provincia.<\/p>\n<p>En Vera se instalar\u00e1n en la esquina de San Mart\u00edn y Houriet, frente a Banco de Santa Fe y en Calchaqu\u00ed la concentraci\u00f3n ser\u00e1 en la rotonda frente a la Iglesia.<\/p>\n<p>El anuncio fue formulado por los refrenetes gremiales Soledad Tedfini ty Waldemar Cardonatti por Amsafe Vera, mientras que Ver\u00f3nica Blanco y Mar\u00eda Victoria Frettes lo hicieron por Sadop.<\/p>\n<p>La convocatoria alcanza tanto a activos como pasivos que sufren las medidas arbitrarias de ajuste de un gobierno provincial que no entra en raz\u00f3n y tira cada vez m\u00e1s de la cuerda.<\/p>\n","protected":false},"excerpt":{"rendered":"<p>Tal como fue adelantado, el plan de lucha de los docentes , tanto de Amsafe como de Sadop, continuar\u00e1 durante la tarde de hoy en Vera y Calchaqu\u00ed. En ambas ciudades se instalar\u00e1n los docentes para dar continuidad a lo resuelto por Asamblea en que decidi\u00f3 que durante el d\u00eda de hoy el reclamo fuera [&hellip;]<\/p>\n","protected":false},"author":3,"featured_media":70443,"comment_status":"open","ping_status":"open","sticky":false,"template":"","format":"standard","meta":{"_joinchat":[],"footnotes":""},"categories":[27,53],"tags":[],"class_list":{"0":"post-70441","1":"post","2":"type-post","3":"status-publish","4":"format-standard","5":"has-post-thumbnail","7":"category-gremiales","8":"category-vera"},"_links":{"self":[{"href":"https:\/\/infovera.com.ar\/web\/wp-json\/wp\/v2\/posts\/70441","targetHints":{"allow":["GET"]}}],"collection":[{"href":"https:\/\/infovera.com.ar\/web\/wp-json\/wp\/v2\/posts"}],"about":[{"href":"https:\/\/infovera.com.ar\/web\/wp-json\/wp\/v2\/types\/post"}],"author":[{"embeddable":true,"href":"https:\/\/infovera.com.ar\/web\/wp-json\/wp\/v2\/users\/3"}],"replies":[{"embeddable":true,"href":"https:\/\/infovera.com.ar\/web\/wp-json\/wp\/v2\/comments?post=70441"}],"version-history":[{"count":0,"href":"https:\/\/infovera.com.ar\/web\/wp-json\/wp\/v2\/posts\/70441\/revisions"}],"wp:featuredmedia":[{"embeddable":true,"href":"https:\/\/infovera.com.ar\/web\/wp-json\/wp\/v2\/media\/70443"}],"wp:attachment":[{"href":"https:\/\/infovera.com.ar\/web\/wp-json\/wp\/v2\/media?parent=70441"}],"wp:term":[{"taxonomy":"category","embeddable":true,"href":"https:\/\/infovera.com.ar\/web\/wp-json\/wp\/v2\/categories?post=70441"},{"taxonomy":"post_tag","embeddable":true,"href":"https:\/\/infovera.com.ar\/web\/wp-json\/wp\/v2\/tags?post=70441"}],"curies":[{"name":"wp","href":"https:\/\/api.w.org\/{rel}","templated":true}]}}