{"id":70439,"date":"2026-03-12T13:52:41","date_gmt":"2026-03-12T16:52:41","guid":{"rendered":"https:\/\/infovera.com.ar\/web\/?p=70439"},"modified":"2026-03-13T14:14:56","modified_gmt":"2026-03-13T17:14:56","slug":"por-unanimidad-la-legislatura-suspendio-sin-plazos-al-fiscal-leandro-dario-benegas","status":"publish","type":"post","link":"https:\/\/infovera.com.ar\/web\/2026\/03\/12\/por-unanimidad-la-legislatura-suspendio-sin-plazos-al-fiscal-leandro-dario-benegas\/","title":{"rendered":"Por unanimidad, la Legislatura suspendi\u00f3 sin plazos al fiscal Leandro Dar\u00edo Benegas"},"content":{"rendered":"<p><strong>Sin debate y en una votaci\u00f3n por signos, la sesi\u00f3n conjunta de ambas c\u00e1maras decidi\u00f3 apartar de sus funciones al integrante del Ministerio P\u00fablico de la Acusaci\u00f3n y se le prohibi\u00f3 su ingreso a ese \u00f3rgano aut\u00f3nomo.<\/strong><\/p>\n<p>El fiscal adjunto del Ministerio P\u00fablico de la Acusaci\u00f3n de la 4ta Circunscripci\u00f3n Judicial, Leandro Dar\u00edo Benegas, acusado de haber cometido delitos de abuso sexual con acceso carnal e imputado por la justicia, fue este jueves 12 de marzo suspendido de forma preventiva por la Legislatura de Santa Fe, hasta tanto se resuelva su situaci\u00f3n en el tr\u00e1mite disciplinario en curso.<\/p>\n<p>En sesi\u00f3n conjunta de ambas C\u00e1maras, la decisi\u00f3n se tom\u00f3 por unanimidad y, esta vez, sin abstenciones. En Diputados es habitual que bloques como el del Frente Amplio por la Soberan\u00eda, y otros unipersonales pero de origen &#8220;celeste&#8221; se abstengan de votar porque rechazan que el Poder Legislativo ejerza el control disciplinario sobre fiscales y defensores en causas graves (algo que cambiar\u00e1 a partir de la reforma de la Constituci\u00f3n). Lo notable es que en esta oportunidad optaron todos los legisladores presentes por pronunciarse a favor del dictamen que, adem\u00e1s, cont\u00f3 con todas las firmas de los integrantes de Acuerdos.<\/p>\n<p>En ese sentido, cabe recordar que recientemente por sugerir la prisi\u00f3n preventiva contra Benegas fue apartada de la causa la jueza Norma Noem\u00ed Senn. Tal como inform\u00f3 El Litoral<br \/>\nla decisi\u00f3n fue adoptada por un tribunal que consider\u00f3 que fue imparcial la actuaci\u00f3n de la magistrada en la audiencia realizada el 23 de febrero de 2026.<\/p>\n<p>\u201cLa defensa de Benegas sostuvo que la jueza modific\u00f3 el objeto de la audiencia, que inicialmente hab\u00eda sido convocada para formalizar la imputaci\u00f3n y analizar medidas cautelares no privativas de la libertad\u201d, inform\u00f3 el pasado martes 10 este diario.<\/p>\n<p>Esta \u00faltima novedad, que se produjo luego del dictamen de la comisi\u00f3n y antes de la sesi\u00f3n conjunta, no modific\u00f3 la situaci\u00f3n ni fue mencionada por los legisladores.<\/p>\n<p>Como se sabe, la sesi\u00f3n conjunta de ambas c\u00e1maras tiene mecanismos parlamentarios m\u00e1s exigentes que la asamblea legislativa. En el primer caso primero debe verificarse el qu\u00f3rum de cada cuerpo legislativo y luego votan los diputados y senadores presentes.<\/p>\n<p>Comparten las condiciones para el debate pero luego deciden por separado, lo que da a los representantes de los 19 departamentos una cuota de poder mayor. En la asamblea legislativa en cambio, el peso de los 50 diputados es m\u00e1s relevante, tanto para la formaci\u00f3n del qu\u00f3rum como para pulsar el bot\u00f3n por la afirmativa o la negativa, votar nominalmente o por signos (a mano alzada).<\/p>\n<p>Con el antecedente del dictamen de consenso en la comisi\u00f3n bicameral, la resoluci\u00f3n adoptada no fue una sorpresa. La suspensi\u00f3n preventiva de Benegas procede ante un miembro del MPA que ha sido imputado por la justicia como &#8220;autor de los delitos de abuso sexual con acceso carnal, en concurso ideal con promoci\u00f3n de la corrupci\u00f3n de menores, agravada por intimidaci\u00f3n o coerci\u00f3n, A fines de noviembre del a\u00f1o pasado se hab\u00eda acordado dejar &#8220;en suspenso&#8221; los t\u00e9rminos del tr\u00e1mite en su contra dentro de la Legislatura a la espera de que &#8220;a juicio&#8221; de la comisi\u00f3n de Acuerdos se lo deba reanudar. Es lo que ha sucedido en febrero al ser imputado.<\/p>\n<p>Fuente: El Litoral<\/p>\n","protected":false},"excerpt":{"rendered":"<p>Sin debate y en una votaci\u00f3n por signos, la sesi\u00f3n conjunta de ambas c\u00e1maras decidi\u00f3 apartar de sus funciones al integrante del Ministerio P\u00fablico de la Acusaci\u00f3n y se le prohibi\u00f3 su ingreso a ese \u00f3rgano aut\u00f3nomo. El fiscal adjunto del Ministerio P\u00fablico de la Acusaci\u00f3n de la 4ta Circunscripci\u00f3n Judicial, Leandro Dar\u00edo Benegas, acusado [&hellip;]<\/p>\n","protected":false},"author":3,"featured_media":70018,"comment_status":"open","ping_status":"open","sticky":false,"template":"","format":"standard","meta":{"_joinchat":[],"footnotes":""},"categories":[53],"tags":[],"class_list":{"0":"post-70439","1":"post","2":"type-post","3":"status-publish","4":"format-standard","5":"has-post-thumbnail","7":"category-vera"},"_links":{"self":[{"href":"https:\/\/infovera.com.ar\/web\/wp-json\/wp\/v2\/posts\/70439","targetHints":{"allow":["GET"]}}],"collection":[{"href":"https:\/\/infovera.com.ar\/web\/wp-json\/wp\/v2\/posts"}],"about":[{"href":"https:\/\/infovera.com.ar\/web\/wp-json\/wp\/v2\/types\/post"}],"author":[{"embeddable":true,"href":"https:\/\/infovera.com.ar\/web\/wp-json\/wp\/v2\/users\/3"}],"replies":[{"embeddable":true,"href":"https:\/\/infovera.com.ar\/web\/wp-json\/wp\/v2\/comments?post=70439"}],"version-history":[{"count":0,"href":"https:\/\/infovera.com.ar\/web\/wp-json\/wp\/v2\/posts\/70439\/revisions"}],"wp:featuredmedia":[{"embeddable":true,"href":"https:\/\/infovera.com.ar\/web\/wp-json\/wp\/v2\/media\/70018"}],"wp:attachment":[{"href":"https:\/\/infovera.com.ar\/web\/wp-json\/wp\/v2\/media?parent=70439"}],"wp:term":[{"taxonomy":"category","embeddable":true,"href":"https:\/\/infovera.com.ar\/web\/wp-json\/wp\/v2\/categories?post=70439"},{"taxonomy":"post_tag","embeddable":true,"href":"https:\/\/infovera.com.ar\/web\/wp-json\/wp\/v2\/tags?post=70439"}],"curies":[{"name":"wp","href":"https:\/\/api.w.org\/{rel}","templated":true}]}}