{"id":70436,"date":"2026-03-12T13:49:35","date_gmt":"2026-03-12T16:49:35","guid":{"rendered":"https:\/\/infovera.com.ar\/web\/?p=70436"},"modified":"2026-03-12T13:49:35","modified_gmt":"2026-03-12T16:49:35","slug":"la-pdi-esclarecio-una-ola-robos-a-comercios-de-reconquista-y-avellaneda-7-jovenes-detenidos","status":"publish","type":"post","link":"https:\/\/infovera.com.ar\/web\/2026\/03\/12\/la-pdi-esclarecio-una-ola-robos-a-comercios-de-reconquista-y-avellaneda-7-jovenes-detenidos\/","title":{"rendered":"La PDI esclareci\u00f3 una ola robos a comercios de Reconquista y Avellaneda: 7 j\u00f3venes detenidos"},"content":{"rendered":"<p><strong>La Polic\u00eda de Investigaciones (PDI) del distrito Reconquista logr\u00f3 esclarecer una serie de robos ocurridos entre fines de enero y principios de marzo de 2026 en distintos comercios y domicilios de Reconquista y Avellaneda, como resultado de tareas investigativas.<\/strong><\/p>\n<p>De acuerdo al informe elaborado por los investigadores, se registraron al menos 17 hechos delictivos, la mayor\u00eda cometidos en horarios nocturnos o durante la madrugada, con modalidades como escalamiento, ruptura de puertas o vidrieras y otros da\u00f1os para ingresar a los locales.<\/p>\n<p>Entre los lugares donde se denunciaron robos figuran:<strong> Barber\u00eda \u201cMart\u00ednez\u201d, Carnicer\u00eda \u201cTodo Cerdo\u201d, Rotiser\u00eda \u201cDon Mat\u00edas\u201d, Sal\u00f3n \u201cJump Park\u201d, Comercio \u201cAvellaneda 3D\u201d, Verduler\u00eda \u201cLa Feria\u201d, Tienda \u201cPara Ti\u201d, Tienda \u201cLa Textil\u201d, Tienda infantil \u201cPekes\u201d, Comercio \u201cStella Celulares\u201d, Repuestos \u201cLa Revancha\u201d, Panader\u00eda \u201cSan Roque\u201d, Congelados \u201cLas de Sur\u201d y Carnicer\u00eda \u201cLolo\u201d<\/strong>. Tambi\u00e9n se investig\u00f3 un hecho ocurrido en una vivienda particular.<\/p>\n<p><strong>Detenciones y causas<\/strong><\/p>\n<p>En el marco de las investigaciones fueron detenidos Jes\u00fas Mariano Garc\u00eda (25), Juan Joaqu\u00edn Aranda (26), Eduardo Jos\u00e9 Sequeira (18), Lautaro Gast\u00f3n Ortiz (23), Yoel Silva (18), Alan Emiliano Roda (25), Enzo Yoel Fern\u00e1ndez (22)<\/p>\n<p>Las causas incluyen robo, robos reiterados, hurto calificado, tentativa de robo y otros delitos, seg\u00fan cada caso.<\/p>\n<p>Algunos de los procedimientos y detenciones se concretaron entre febrero y el 9 de marzo, a partir de las tareas investigativas desarrolladas por la PDI.<\/p>\n<p><strong>Modus operandi<\/strong><\/p>\n<p>Seg\u00fan el an\u00e1lisis policial, muchos de los hechos presentan un patr\u00f3n similar, ya que fueron cometidos durante la noche o madrugada, con ingreso a los locales mediante forzamiento de puertas, vidrieras o escalamiento.<\/p>\n<p>Las investigaciones contin\u00faan con el objetivo de determinar posibles v\u00ednculos entre algunos de los hechos y recuperar elementos sustra\u00eddos, inform\u00f3 la PDI.<\/p>\n<p><strong>Prisi\u00f3n preventiva<\/strong><\/p>\n<p>Con relaci\u00f3n a los hechos cometidos en perjuicio de Repuesto &#8220;La Revancha&#8221; , Panader\u00eda &#8220;San Roque&#8221;, Congelados &#8220;Del Suru&#8221;, y Carnicer\u00eda &#8220;Lolo&#8221;, todos locales de Reconquista, este jueves fueron imputados Enzo Yoel Fern\u00e1ndez (4 hechos), del barrio San Francisco de As\u00eds, y Alan Emiliano Roda (2 hechos), de Loteo Nardelli.<\/p>\n<p>El fiscal Nicol\u00e1s Maglier les atribuy\u00f3 los robos a los comercios en base a una investigaci\u00f3n llevada a cabo por la PDI de Reconquista, a cargo del comisario C\u00e9sar Moreyra consistente en la recolecci\u00f3n de im\u00e1genes de c\u00e1maras de seguridad y testimoniales.<\/p>\n<p>El acusaci\u00f3n qued\u00f3 en claro la modalidad de los robos: primero romp\u00edan las vidrieras del frente con objetos contundentes y luego ingresaba uno de ellos mientras el otro hac\u00eda de campana.<\/p>\n<p>En el comercio Repuesto &#8220;La Revancha&#8221; se alzaron con herramientas por un valor de 5 millones de pesos, y los restantes se llevaron una caja registradora y mercader\u00edas.<\/p>\n<p>En la audiencia de medida cautelar, el juez Sergio Olivera luego de escuchar a las partes &#8211; actu\u00f3 como defensora p\u00fablica la Dra. Gimena Galbucera- dispuso una prisi\u00f3n preventiva por los plazos de ley para Fern\u00e1ndez que adem\u00e1s de los hechos imputados tiene como antecedente una condena condicional del 19 de abril del 2023. En tanto, dict\u00f3 una medida cautelar de prisi\u00f3n por 45 d\u00edas para Roda.<\/p>\n","protected":false},"excerpt":{"rendered":"<p>La Polic\u00eda de Investigaciones (PDI) del distrito Reconquista logr\u00f3 esclarecer una serie de robos ocurridos entre fines de enero y principios de marzo de 2026 en distintos comercios y domicilios de Reconquista y Avellaneda, como resultado de tareas investigativas. De acuerdo al informe elaborado por los investigadores, se registraron al menos 17 hechos delictivos, la [&hellip;]<\/p>\n","protected":false},"author":3,"featured_media":70437,"comment_status":"open","ping_status":"open","sticky":false,"template":"","format":"standard","meta":{"_joinchat":[],"footnotes":""},"categories":[30,61],"tags":[],"class_list":{"0":"post-70436","1":"post","2":"type-post","3":"status-publish","4":"format-standard","5":"has-post-thumbnail","7":"category-policiales","8":"category-regionales"},"_links":{"self":[{"href":"https:\/\/infovera.com.ar\/web\/wp-json\/wp\/v2\/posts\/70436","targetHints":{"allow":["GET"]}}],"collection":[{"href":"https:\/\/infovera.com.ar\/web\/wp-json\/wp\/v2\/posts"}],"about":[{"href":"https:\/\/infovera.com.ar\/web\/wp-json\/wp\/v2\/types\/post"}],"author":[{"embeddable":true,"href":"https:\/\/infovera.com.ar\/web\/wp-json\/wp\/v2\/users\/3"}],"replies":[{"embeddable":true,"href":"https:\/\/infovera.com.ar\/web\/wp-json\/wp\/v2\/comments?post=70436"}],"version-history":[{"count":0,"href":"https:\/\/infovera.com.ar\/web\/wp-json\/wp\/v2\/posts\/70436\/revisions"}],"wp:featuredmedia":[{"embeddable":true,"href":"https:\/\/infovera.com.ar\/web\/wp-json\/wp\/v2\/media\/70437"}],"wp:attachment":[{"href":"https:\/\/infovera.com.ar\/web\/wp-json\/wp\/v2\/media?parent=70436"}],"wp:term":[{"taxonomy":"category","embeddable":true,"href":"https:\/\/infovera.com.ar\/web\/wp-json\/wp\/v2\/categories?post=70436"},{"taxonomy":"post_tag","embeddable":true,"href":"https:\/\/infovera.com.ar\/web\/wp-json\/wp\/v2\/tags?post=70436"}],"curies":[{"name":"wp","href":"https:\/\/api.w.org\/{rel}","templated":true}]}}