{"id":70432,"date":"2026-03-12T12:21:29","date_gmt":"2026-03-12T15:21:29","guid":{"rendered":"https:\/\/infovera.com.ar\/web\/?p=70432"},"modified":"2026-03-13T10:46:24","modified_gmt":"2026-03-13T13:46:24","slug":"ines-lilian-manni-de-vera-fue-distinguida-por-la-legislatura-por-su-destacada-trayectoria-docente-y-compromiso-con-la-comunidad","status":"publish","type":"post","link":"https:\/\/infovera.com.ar\/web\/2026\/03\/12\/ines-lilian-manni-de-vera-fue-distinguida-por-la-legislatura-por-su-destacada-trayectoria-docente-y-compromiso-con-la-comunidad\/","title":{"rendered":"In\u00e9s Lilian Manni, de Vera, fue distinguida por la Legislatura por su destacada trayectoria docente y compromiso con la comunidad"},"content":{"rendered":"<p><strong>Fue propuesta por el diputado Sergio \u201cChiqui\u201d Rojas y en el marco de las actividades por el D\u00eda Internacional de la Mujer, donde la Legislatura de la provincia de Santa Fe distingui\u00f3 a mujeres destacadas de todo el territorio provincial.<\/strong><\/p>\n<p>Rojas destac\u00f3 que \u201cla trayectoria de In\u00e9s refleja el compromiso de muchas mujeres del norte santafesino que, a trav\u00e9s de la educaci\u00f3n, el trabajo social y la participaci\u00f3n comunitaria, han contribuido a mejorar la vida de sus comunidades\u201d.<\/p>\n<p>Manni curs\u00f3 sus estudios terciarios en Vera, siendo ya una joven madre y mientras trabajaba en un comercio. Inici\u00f3 su carrera docente como maestra de grado en la Escuela N\u00ba 2048, en el Kil\u00f3metro 115, Distrito Garabato. All\u00ed su labor trascendi\u00f3 el aula: junto a la comunidad promovi\u00f3 la asistencia escolar, acompa\u00f1\u00f3 campa\u00f1as de vacunaci\u00f3n y colabor\u00f3 con el acceso a la atenci\u00f3n m\u00e9dica. Su compromiso tambi\u00e9n se reflejaba en gestos cotidianos, como poner su veh\u00edculo a disposici\u00f3n en d\u00edas de lluvia, acercar medicamentos o acompa\u00f1ar a las familias de sus estudiantes.<\/p>\n<p>Tras varios a\u00f1os en la docencia rural continu\u00f3 su carrera en Vera como maestra de grado y posteriormente como directora. Tambi\u00e9n se desempe\u00f1\u00f3 como docente y directiva en la Escuela de Ense\u00f1anza Primaria para Adultos \u201cJuana Azurduy\u201d, convencida de que la alfabetizaci\u00f3n es una herramienta fundamental para la independencia y la autonom\u00eda de las personas.<\/p>\n<p>A lo largo de su vida, Manni particip\u00f3 activamente en la vida institucional y comunitaria de la ciudad, desde la actividad gremial docente hasta su actual labor en la comisi\u00f3n directiva del Club de Abuelos y su participaci\u00f3n en la Federaci\u00f3n de Cooperadoras, acompa\u00f1ando adem\u00e1s a distintas instituciones locales.<\/p>\n<p>Actualmente jubilada, contin\u00faa aportando su experiencia y su tiempo al servicio del bien com\u00fan, siendo ejemplo de una generaci\u00f3n de mujeres que, con trabajo y perseverancia, ayudaron a abrir caminos y ampliar derechos.<\/p>\n<p><a href=\"https:\/\/infovera.com.ar\/web\/wp-content\/uploads\/2026\/03\/ines-1.jpg\"><img loading=\"lazy\" decoding=\"async\" class=\"alignleft size-full wp-image-70434\" src=\"https:\/\/infovera.com.ar\/web\/wp-content\/uploads\/2026\/03\/ines-1.jpg\" alt=\"\" width=\"4160\" height=\"3120\" srcset=\"https:\/\/infovera.com.ar\/web\/wp-content\/uploads\/2026\/03\/ines-1.jpg 4160w, https:\/\/infovera.com.ar\/web\/wp-content\/uploads\/2026\/03\/ines-1-560x420.jpg 560w, https:\/\/infovera.com.ar\/web\/wp-content\/uploads\/2026\/03\/ines-1-80x60.jpg 80w, https:\/\/infovera.com.ar\/web\/wp-content\/uploads\/2026\/03\/ines-1-696x522.jpg 696w, https:\/\/infovera.com.ar\/web\/wp-content\/uploads\/2026\/03\/ines-1-1068x801.jpg 1068w, https:\/\/infovera.com.ar\/web\/wp-content\/uploads\/2026\/03\/ines-1-265x198.jpg 265w\" sizes=\"auto, (max-width: 4160px) 100vw, 4160px\" \/><\/a><\/p>\n","protected":false},"excerpt":{"rendered":"<p>Fue propuesta por el diputado Sergio \u201cChiqui\u201d Rojas y en el marco de las actividades por el D\u00eda Internacional de la Mujer, donde la Legislatura de la provincia de Santa Fe distingui\u00f3 a mujeres destacadas de todo el territorio provincial. Rojas destac\u00f3 que \u201cla trayectoria de In\u00e9s refleja el compromiso de muchas mujeres del norte [&hellip;]<\/p>\n","protected":false},"author":3,"featured_media":70433,"comment_status":"open","ping_status":"open","sticky":false,"template":"","format":"standard","meta":{"_joinchat":[],"footnotes":""},"categories":[53],"tags":[],"class_list":{"0":"post-70432","1":"post","2":"type-post","3":"status-publish","4":"format-standard","5":"has-post-thumbnail","7":"category-vera"},"_links":{"self":[{"href":"https:\/\/infovera.com.ar\/web\/wp-json\/wp\/v2\/posts\/70432","targetHints":{"allow":["GET"]}}],"collection":[{"href":"https:\/\/infovera.com.ar\/web\/wp-json\/wp\/v2\/posts"}],"about":[{"href":"https:\/\/infovera.com.ar\/web\/wp-json\/wp\/v2\/types\/post"}],"author":[{"embeddable":true,"href":"https:\/\/infovera.com.ar\/web\/wp-json\/wp\/v2\/users\/3"}],"replies":[{"embeddable":true,"href":"https:\/\/infovera.com.ar\/web\/wp-json\/wp\/v2\/comments?post=70432"}],"version-history":[{"count":0,"href":"https:\/\/infovera.com.ar\/web\/wp-json\/wp\/v2\/posts\/70432\/revisions"}],"wp:featuredmedia":[{"embeddable":true,"href":"https:\/\/infovera.com.ar\/web\/wp-json\/wp\/v2\/media\/70433"}],"wp:attachment":[{"href":"https:\/\/infovera.com.ar\/web\/wp-json\/wp\/v2\/media?parent=70432"}],"wp:term":[{"taxonomy":"category","embeddable":true,"href":"https:\/\/infovera.com.ar\/web\/wp-json\/wp\/v2\/categories?post=70432"},{"taxonomy":"post_tag","embeddable":true,"href":"https:\/\/infovera.com.ar\/web\/wp-json\/wp\/v2\/tags?post=70432"}],"curies":[{"name":"wp","href":"https:\/\/api.w.org\/{rel}","templated":true}]}}