{"id":70428,"date":"2026-03-12T12:07:23","date_gmt":"2026-03-12T15:07:23","guid":{"rendered":"https:\/\/infovera.com.ar\/web\/?p=70428"},"modified":"2026-03-13T09:29:59","modified_gmt":"2026-03-13T12:29:59","slug":"los-amores-dos-detenidos-por-abigeato","status":"publish","type":"post","link":"https:\/\/infovera.com.ar\/web\/2026\/03\/12\/los-amores-dos-detenidos-por-abigeato\/","title":{"rendered":"Los Amores: dos detenidos por abigeato"},"content":{"rendered":"<p><strong>Aprehendieron a un hombre de 50 a\u00f1os y otro de 27, quienes fueron sorprendidos dentro de un establecimiento ganadero ubicado en zona rural. Asimismo, tambi\u00e9n incautaron una media res porcina y otros objetos de inter\u00e9s judicial para el esclarecimiento del delito perpetrado.<\/strong><\/p>\n<p>A primeras horas de la ma\u00f1ana del mi\u00e9rcoles, efectivos de la Subcomisar\u00eda 1ra. de la UR XIX, con sede en Los Amores, lograron aprehender a dos adultos y procedieron al secuestro de un rifle de aire comprimido modificado para uso como arma de fuego, cartuchos intactos calibre 22, dos motocicletas, una media res porcina faenada, dos<br \/>\nmachetes, entre otros objetos, que son de suma relevancia para el esclarecimiento de un presunto abigeato cometido en un establecimiento ganadero local, sito en el \u00e1mbito rural de dicha localidad.<\/p>\n<p>Los actuantes cumplimentaban tareas policiales inherentes a sus funciones cuando tomaron conocimiento acerca de la probable presencia de dos personas ajenas al mencionado lugar con presuntas intenciones delictivas, seg\u00fan datos recabados tras un llamado telef\u00f3nico recibido previamente que alertar\u00eda acerca de la novedad.<\/p>\n<p>Asimismo, tras arribar al citado establecimiento, con autorizaci\u00f3n de sus moradores y recaudos legales pertinentes, ingresaron al predio para verificar los pormenores antes referidos y constataron parte del alambrado cortado y huellas de ruedas de moto, seg\u00fan lo detallado en la denuncia recibida.<\/p>\n<p>En efecto, luego de patrullar el terreno, advirtieron primariamente en un sector sobre el suelo, el armamento, las municiones entre otros elementos, como as\u00ed tambi\u00e9n cercano al lugar y oculto entre las malezas a uno de los individuos en cuesti\u00f3n quien fue r\u00e1pidamente aprehendido.<\/p>\n<p>Seguidamente y en la continuidad del rastrillaje, hallaron lo restante de todo lo incautado y as\u00ed tambi\u00e9n al otro sujeto que se hallaba agazapado y escondido para evitar ser encontrado, pero sin lograr su cometido gracias al oportuno accionar de los uniformados.<\/p>\n<p>Posteriormente, dieron conocimiento de las novedades a la Unidad Fiscal competente y trasladaron todo el procedimiento hasta dependencias policiales donde oficiaron las actuaciones procesales pertinentes.<\/p>\n<p><a href=\"https:\/\/infovera.com.ar\/web\/wp-content\/uploads\/2026\/03\/LosAmores.Secuestro.jpg\"><img loading=\"lazy\" decoding=\"async\" class=\"alignleft size-full wp-image-70430\" src=\"https:\/\/infovera.com.ar\/web\/wp-content\/uploads\/2026\/03\/LosAmores.Secuestro.jpg\" alt=\"\" width=\"1573\" height=\"1201\" srcset=\"https:\/\/infovera.com.ar\/web\/wp-content\/uploads\/2026\/03\/LosAmores.Secuestro.jpg 1573w, https:\/\/infovera.com.ar\/web\/wp-content\/uploads\/2026\/03\/LosAmores.Secuestro-550x420.jpg 550w, https:\/\/infovera.com.ar\/web\/wp-content\/uploads\/2026\/03\/LosAmores.Secuestro-80x60.jpg 80w, https:\/\/infovera.com.ar\/web\/wp-content\/uploads\/2026\/03\/LosAmores.Secuestro-696x531.jpg 696w, https:\/\/infovera.com.ar\/web\/wp-content\/uploads\/2026\/03\/LosAmores.Secuestro-1068x815.jpg 1068w\" sizes=\"auto, (max-width: 1573px) 100vw, 1573px\" \/><\/a><\/p>\n","protected":false},"excerpt":{"rendered":"<p>Aprehendieron a un hombre de 50 a\u00f1os y otro de 27, quienes fueron sorprendidos dentro de un establecimiento ganadero ubicado en zona rural. Asimismo, tambi\u00e9n incautaron una media res porcina y otros objetos de inter\u00e9s judicial para el esclarecimiento del delito perpetrado. A primeras horas de la ma\u00f1ana del mi\u00e9rcoles, efectivos de la Subcomisar\u00eda 1ra. [&hellip;]<\/p>\n","protected":false},"author":3,"featured_media":70429,"comment_status":"open","ping_status":"open","sticky":false,"template":"","format":"standard","meta":{"_joinchat":[],"footnotes":""},"categories":[51,30],"tags":[],"class_list":{"0":"post-70428","1":"post","2":"type-post","3":"status-publish","4":"format-standard","5":"has-post-thumbnail","7":"category-locales","8":"category-policiales"},"_links":{"self":[{"href":"https:\/\/infovera.com.ar\/web\/wp-json\/wp\/v2\/posts\/70428","targetHints":{"allow":["GET"]}}],"collection":[{"href":"https:\/\/infovera.com.ar\/web\/wp-json\/wp\/v2\/posts"}],"about":[{"href":"https:\/\/infovera.com.ar\/web\/wp-json\/wp\/v2\/types\/post"}],"author":[{"embeddable":true,"href":"https:\/\/infovera.com.ar\/web\/wp-json\/wp\/v2\/users\/3"}],"replies":[{"embeddable":true,"href":"https:\/\/infovera.com.ar\/web\/wp-json\/wp\/v2\/comments?post=70428"}],"version-history":[{"count":0,"href":"https:\/\/infovera.com.ar\/web\/wp-json\/wp\/v2\/posts\/70428\/revisions"}],"wp:featuredmedia":[{"embeddable":true,"href":"https:\/\/infovera.com.ar\/web\/wp-json\/wp\/v2\/media\/70429"}],"wp:attachment":[{"href":"https:\/\/infovera.com.ar\/web\/wp-json\/wp\/v2\/media?parent=70428"}],"wp:term":[{"taxonomy":"category","embeddable":true,"href":"https:\/\/infovera.com.ar\/web\/wp-json\/wp\/v2\/categories?post=70428"},{"taxonomy":"post_tag","embeddable":true,"href":"https:\/\/infovera.com.ar\/web\/wp-json\/wp\/v2\/tags?post=70428"}],"curies":[{"name":"wp","href":"https:\/\/api.w.org\/{rel}","templated":true}]}}