{"id":70426,"date":"2026-03-12T09:53:35","date_gmt":"2026-03-12T12:53:35","guid":{"rendered":"https:\/\/infovera.com.ar\/web\/?p=70426"},"modified":"2026-03-12T16:55:03","modified_gmt":"2026-03-12T19:55:03","slug":"provincia-pagara-una-liquidacion-complementaria-a-pasivos-el-16-de-marzo","status":"publish","type":"post","link":"https:\/\/infovera.com.ar\/web\/2026\/03\/12\/provincia-pagara-una-liquidacion-complementaria-a-pasivos-el-16-de-marzo\/","title":{"rendered":"Provincia pagar\u00e1 una liquidaci\u00f3n complementaria a pasivos el 16 de marzo"},"content":{"rendered":"<p><strong>El Gobierno de la Provincia de Santa Fe, a trav\u00e9s de la Caja de Jubilaciones y Pensiones, inform\u00f3 que el pr\u00f3ximo 16 de marzo se abonar\u00e1 al sector pasivo una liquidaci\u00f3n complementaria correspondiente a ajustes salariales e inflaci\u00f3n.<\/strong><\/p>\n<p>Seg\u00fan se detall\u00f3 oficialmente, el pago incluye:<\/p>\n<p><strong>Diciembre de 2025: ajuste por inflaci\u00f3n.<\/strong><br \/>\n<strong>Enero de 2026: actualizaci\u00f3n salarial.<\/strong><\/p>\n<p>Desde el organismo explicaron que esta liquidaci\u00f3n se realiza conforme a lo establecido en <strong>las Leyes N.\u00ba 14.283 y 14.431.<\/strong><\/p>\n<p><strong>Sectores alcanzados<\/strong><\/p>\n<p>El pago alcanzar\u00e1 a jubilados y pensionados vinculados a distintos sectores de la administraci\u00f3n p\u00fablica provincial, entre ellos:<\/p>\n<p>Administraci\u00f3n Central<br \/>\nDocentes<br \/>\nSeguridad<br \/>\nAPI y Catastro<br \/>\nImprenta Oficial<br \/>\nArte de Curar<br \/>\nEx DIPOS<br \/>\nENRESS<br \/>\nVialidad<br \/>\nPoder Legislativo (personal escalafonado)<br \/>\nCaja de Previsi\u00f3n Social<br \/>\nTribunal de Cuentas<br \/>\nASSA<\/p>\n<p>Adem\u00e1s, el sector bancario percibir\u00e1 el incremento correspondiente a enero de 2026.<\/p>\n<p>Desde la provincia se\u00f1alaron que la liquidaci\u00f3n forma parte del mecanismo de actualizaci\u00f3n de haberes para el sector pasivo, en funci\u00f3n de las variaciones salariales acordadas en el \u00e1mbito de la administraci\u00f3n p\u00fablica.<\/p>\n","protected":false},"excerpt":{"rendered":"<p>El Gobierno de la Provincia de Santa Fe, a trav\u00e9s de la Caja de Jubilaciones y Pensiones, inform\u00f3 que el pr\u00f3ximo 16 de marzo se abonar\u00e1 al sector pasivo una liquidaci\u00f3n complementaria correspondiente a ajustes salariales e inflaci\u00f3n. Seg\u00fan se detall\u00f3 oficialmente, el pago incluye: Diciembre de 2025: ajuste por inflaci\u00f3n. Enero de 2026: actualizaci\u00f3n [&hellip;]<\/p>\n","protected":false},"author":3,"featured_media":63646,"comment_status":"open","ping_status":"open","sticky":false,"template":"","format":"standard","meta":{"_joinchat":[],"footnotes":""},"categories":[60],"tags":[],"class_list":{"0":"post-70426","1":"post","2":"type-post","3":"status-publish","4":"format-standard","5":"has-post-thumbnail","7":"category-provinciales"},"_links":{"self":[{"href":"https:\/\/infovera.com.ar\/web\/wp-json\/wp\/v2\/posts\/70426","targetHints":{"allow":["GET"]}}],"collection":[{"href":"https:\/\/infovera.com.ar\/web\/wp-json\/wp\/v2\/posts"}],"about":[{"href":"https:\/\/infovera.com.ar\/web\/wp-json\/wp\/v2\/types\/post"}],"author":[{"embeddable":true,"href":"https:\/\/infovera.com.ar\/web\/wp-json\/wp\/v2\/users\/3"}],"replies":[{"embeddable":true,"href":"https:\/\/infovera.com.ar\/web\/wp-json\/wp\/v2\/comments?post=70426"}],"version-history":[{"count":0,"href":"https:\/\/infovera.com.ar\/web\/wp-json\/wp\/v2\/posts\/70426\/revisions"}],"wp:featuredmedia":[{"embeddable":true,"href":"https:\/\/infovera.com.ar\/web\/wp-json\/wp\/v2\/media\/63646"}],"wp:attachment":[{"href":"https:\/\/infovera.com.ar\/web\/wp-json\/wp\/v2\/media?parent=70426"}],"wp:term":[{"taxonomy":"category","embeddable":true,"href":"https:\/\/infovera.com.ar\/web\/wp-json\/wp\/v2\/categories?post=70426"},{"taxonomy":"post_tag","embeddable":true,"href":"https:\/\/infovera.com.ar\/web\/wp-json\/wp\/v2\/tags?post=70426"}],"curies":[{"name":"wp","href":"https:\/\/api.w.org\/{rel}","templated":true}]}}