{"id":70415,"date":"2026-03-11T14:23:25","date_gmt":"2026-03-11T17:23:25","guid":{"rendered":"https:\/\/infovera.com.ar\/web\/?p=70415"},"modified":"2026-03-11T14:23:36","modified_gmt":"2026-03-11T17:23:36","slug":"osvaldo-sosa-destaco-la-importancia-de-mejorar-la-conectividad-en-fortin-olmos","status":"publish","type":"post","link":"https:\/\/infovera.com.ar\/web\/2026\/03\/11\/osvaldo-sosa-destaco-la-importancia-de-mejorar-la-conectividad-en-fortin-olmos\/","title":{"rendered":"Osvaldo Sosa destac\u00f3 la importancia de mejorar la conectividad en Fort\u00edn Olmos"},"content":{"rendered":"<p><strong>El senador provincial por el departamento Vera, Osvaldo Sosa, particip\u00f3 en la localidad de Fort\u00edn Olmos de la firma del convenio para llevar adelante el refuerzo estructural del puente sobre el arroyo Golondrina, una obra considerada clave para la conectividad de la regi\u00f3n.<\/strong><\/p>\n<p>Durante la actividad, el legislador destac\u00f3 la importancia del proyecto, al tratarse de una infraestructura muy utilizada por vecinos y productores de la zona.<\/p>\n<div style=\"width: 696px;\" class=\"wp-video\"><video class=\"wp-video-shortcode\" id=\"video-70415-1\" width=\"696\" height=\"1237\" preload=\"metadata\" controls=\"controls\"><source type=\"video\/mp4\" src=\"https:\/\/infovera.com.ar\/web\/wp-content\/uploads\/2026\/03\/AQP-mvtNoHjasLw-C0SmO9Chof-VC1uJOdHwyA4kB1iM74YpKT4nbZyhOEjJjhuYYynRSMsrBK5xE3iTKiQOEnvh4SBgHx7qiBRXW0tSFGsjfw.mp4?_=1\" \/><a href=\"https:\/\/infovera.com.ar\/web\/wp-content\/uploads\/2026\/03\/AQP-mvtNoHjasLw-C0SmO9Chof-VC1uJOdHwyA4kB1iM74YpKT4nbZyhOEjJjhuYYynRSMsrBK5xE3iTKiQOEnvh4SBgHx7qiBRXW0tSFGsjfw.mp4\">https:\/\/infovera.com.ar\/web\/wp-content\/uploads\/2026\/03\/AQP-mvtNoHjasLw-C0SmO9Chof-VC1uJOdHwyA4kB1iM74YpKT4nbZyhOEjJjhuYYynRSMsrBK5xE3iTKiQOEnvh4SBgHx7qiBRXW0tSFGsjfw.mp4<\/a><\/video><\/div>\n<p>&#8220;Seg\u00fan explic\u00f3 el presidente comunal Rodrigo Acevedo, la obra es el resultado de gestiones que se vienen realizando desde hace tiempo para mejorar la infraestructura vial tanto de la localidad como de la zona rural&#8221;, expres\u00f3.<\/p>\n<p>\u201cEl refuerzo de este puente permitir\u00e1 mejorar la seguridad, la conectividad y el tr\u00e1nsito, beneficiando a productores, vecinos y a todas las personas que utilizan este camino de manera diaria\u201d, se\u00f1al\u00f3 el legislador durante el acto.<\/p>\n<p>Participaron el ministro de Obras P\u00fablicas de Santa Fe, Lisandro Enrico; el director provincial de Vialidad; la directora de Acueductos y el propio presidente comunal Rodrigo Acevedo, quienes firmaron el convenio que permitir\u00e1 avanzar con los trabajos.<\/p>\n<p>Desde el \u00e1mbito provincial destacaron que este tipo de obras apuntan a fortalecer la infraestructura y acompa\u00f1ar el desarrollo productivo del norte del departamento Vera, mejorando los caminos que conectan a las comunidades rurales.<\/p>\n<p><strong>El senador Sosa remarc\u00f3 adem\u00e1s la importancia de seguir impulsando proyectos que apoyen el progreso de las localidades del departamento.<\/strong><\/p>\n","protected":false},"excerpt":{"rendered":"<p>El senador provincial por el departamento Vera, Osvaldo Sosa, particip\u00f3 en la localidad de Fort\u00edn Olmos de la firma del convenio para llevar adelante el refuerzo estructural del puente sobre el arroyo Golondrina, una obra considerada clave para la conectividad de la regi\u00f3n. Durante la actividad, el legislador destac\u00f3 la importancia del proyecto, al tratarse [&hellip;]<\/p>\n","protected":false},"author":3,"featured_media":70418,"comment_status":"open","ping_status":"open","sticky":false,"template":"","format":"standard","meta":{"_joinchat":[],"footnotes":""},"categories":[51,29],"tags":[],"class_list":{"0":"post-70415","1":"post","2":"type-post","3":"status-publish","4":"format-standard","5":"has-post-thumbnail","7":"category-locales","8":"category-obras"},"_links":{"self":[{"href":"https:\/\/infovera.com.ar\/web\/wp-json\/wp\/v2\/posts\/70415","targetHints":{"allow":["GET"]}}],"collection":[{"href":"https:\/\/infovera.com.ar\/web\/wp-json\/wp\/v2\/posts"}],"about":[{"href":"https:\/\/infovera.com.ar\/web\/wp-json\/wp\/v2\/types\/post"}],"author":[{"embeddable":true,"href":"https:\/\/infovera.com.ar\/web\/wp-json\/wp\/v2\/users\/3"}],"replies":[{"embeddable":true,"href":"https:\/\/infovera.com.ar\/web\/wp-json\/wp\/v2\/comments?post=70415"}],"version-history":[{"count":0,"href":"https:\/\/infovera.com.ar\/web\/wp-json\/wp\/v2\/posts\/70415\/revisions"}],"wp:featuredmedia":[{"embeddable":true,"href":"https:\/\/infovera.com.ar\/web\/wp-json\/wp\/v2\/media\/70418"}],"wp:attachment":[{"href":"https:\/\/infovera.com.ar\/web\/wp-json\/wp\/v2\/media?parent=70415"}],"wp:term":[{"taxonomy":"category","embeddable":true,"href":"https:\/\/infovera.com.ar\/web\/wp-json\/wp\/v2\/categories?post=70415"},{"taxonomy":"post_tag","embeddable":true,"href":"https:\/\/infovera.com.ar\/web\/wp-json\/wp\/v2\/tags?post=70415"}],"curies":[{"name":"wp","href":"https:\/\/api.w.org\/{rel}","templated":true}]}}