{"id":70412,"date":"2026-03-11T14:11:08","date_gmt":"2026-03-11T17:11:08","guid":{"rendered":"https:\/\/infovera.com.ar\/web\/?p=70412"},"modified":"2026-03-11T14:11:08","modified_gmt":"2026-03-11T17:11:08","slug":"leticia-solari-fue-reconocida-en-el-programa-ellas-lideran-santa-fe","status":"publish","type":"post","link":"https:\/\/infovera.com.ar\/web\/2026\/03\/11\/leticia-solari-fue-reconocida-en-el-programa-ellas-lideran-santa-fe\/","title":{"rendered":"Leticia Solari fue reconocida en el programa \u201cEllas Lideran Santa Fe\u201d"},"content":{"rendered":"<p><strong>Leticia Solari, integrante del Consejo de Administraci\u00f3n de la Uni\u00f3n Agr\u00edcola de Avellaneda, fue distinguida en la categor\u00eda Econom\u00eda Social y Cooperativismo del programa provincial @ellaslideransantafe .<\/strong><\/p>\n<p>Este reconocimiento destaca su compromiso con la comunidad y su valioso aporte al fortalecimiento del cooperativismo en el norte santafesino, y tambi\u00e9n pone en valor el trabajo de todas aquellas mujeres que impulsan el desarrollo de nuestra regi\u00f3n.<\/p>\n","protected":false},"excerpt":{"rendered":"<p>Leticia Solari, integrante del Consejo de Administraci\u00f3n de la Uni\u00f3n Agr\u00edcola de Avellaneda, fue distinguida en la categor\u00eda Econom\u00eda Social y Cooperativismo del programa provincial @ellaslideransantafe . Este reconocimiento destaca su compromiso con la comunidad y su valioso aporte al fortalecimiento del cooperativismo en el norte santafesino, y tambi\u00e9n pone en valor el trabajo de [&hellip;]<\/p>\n","protected":false},"author":3,"featured_media":70413,"comment_status":"open","ping_status":"open","sticky":false,"template":"","format":"standard","meta":{"_joinchat":[],"footnotes":""},"categories":[60,36],"tags":[],"class_list":{"0":"post-70412","1":"post","2":"type-post","3":"status-publish","4":"format-standard","5":"has-post-thumbnail","7":"category-provinciales","8":"category-sociedad"},"_links":{"self":[{"href":"https:\/\/infovera.com.ar\/web\/wp-json\/wp\/v2\/posts\/70412","targetHints":{"allow":["GET"]}}],"collection":[{"href":"https:\/\/infovera.com.ar\/web\/wp-json\/wp\/v2\/posts"}],"about":[{"href":"https:\/\/infovera.com.ar\/web\/wp-json\/wp\/v2\/types\/post"}],"author":[{"embeddable":true,"href":"https:\/\/infovera.com.ar\/web\/wp-json\/wp\/v2\/users\/3"}],"replies":[{"embeddable":true,"href":"https:\/\/infovera.com.ar\/web\/wp-json\/wp\/v2\/comments?post=70412"}],"version-history":[{"count":0,"href":"https:\/\/infovera.com.ar\/web\/wp-json\/wp\/v2\/posts\/70412\/revisions"}],"wp:featuredmedia":[{"embeddable":true,"href":"https:\/\/infovera.com.ar\/web\/wp-json\/wp\/v2\/media\/70413"}],"wp:attachment":[{"href":"https:\/\/infovera.com.ar\/web\/wp-json\/wp\/v2\/media?parent=70412"}],"wp:term":[{"taxonomy":"category","embeddable":true,"href":"https:\/\/infovera.com.ar\/web\/wp-json\/wp\/v2\/categories?post=70412"},{"taxonomy":"post_tag","embeddable":true,"href":"https:\/\/infovera.com.ar\/web\/wp-json\/wp\/v2\/tags?post=70412"}],"curies":[{"name":"wp","href":"https:\/\/api.w.org\/{rel}","templated":true}]}}