{"id":70409,"date":"2026-03-11T14:05:08","date_gmt":"2026-03-11T17:05:08","guid":{"rendered":"https:\/\/infovera.com.ar\/web\/?p=70409"},"modified":"2026-03-11T14:05:08","modified_gmt":"2026-03-11T17:05:08","slug":"abren-la-convocatoria-para-los-talleres-culturales-municipales-2026","status":"publish","type":"post","link":"https:\/\/infovera.com.ar\/web\/2026\/03\/11\/abren-la-convocatoria-para-los-talleres-culturales-municipales-2026\/","title":{"rendered":"Abren la convocatoria para los Talleres Culturales Municipales 2026"},"content":{"rendered":"<p><strong>Una nueva oportunidad para aprender, crear y compartir experiencias art\u00edsticas en nuestra comunidad.<\/strong><\/p>\n<p>La Municipalidad de Vera abri\u00f3 la inscripci\u00f3n para:<\/p>\n<p><span style=\"color: #ff9900;\"><strong>Pintura para adultos y para ni\u00f1os<\/strong><\/span><br \/>\n<span style=\"color: #ff9900;\"><strong>Teatro infantil y para adultos<\/strong><\/span><br \/>\n<span style=\"color: #ff9900;\"><strong>Taller intensivo de magia y ventriloquia<\/strong><\/span><\/p>\n<p>Las inscripciones se realizan en la Casa de la Cultura, de lunes a viernes de 8 a 11 hs.<\/p>\n<p><strong>&#8220;Sumate a los espacios culturales que invitan a desarrollar la creatividad, expresarse y disfrutar del arte. \u00a1Te esperamos!&#8221;.<\/strong><\/p>\n","protected":false},"excerpt":{"rendered":"<p>Una nueva oportunidad para aprender, crear y compartir experiencias art\u00edsticas en nuestra comunidad. La Municipalidad de Vera abri\u00f3 la inscripci\u00f3n para: Pintura para adultos y para ni\u00f1os Teatro infantil y para adultos Taller intensivo de magia y ventriloquia Las inscripciones se realizan en la Casa de la Cultura, de lunes a viernes de 8 a [&hellip;]<\/p>\n","protected":false},"author":3,"featured_media":70410,"comment_status":"open","ping_status":"open","sticky":false,"template":"","format":"standard","meta":{"_joinchat":[],"footnotes":""},"categories":[40,53],"tags":[],"class_list":{"0":"post-70409","1":"post","2":"type-post","3":"status-publish","4":"format-standard","5":"has-post-thumbnail","7":"category-cultura","8":"category-vera"},"_links":{"self":[{"href":"https:\/\/infovera.com.ar\/web\/wp-json\/wp\/v2\/posts\/70409","targetHints":{"allow":["GET"]}}],"collection":[{"href":"https:\/\/infovera.com.ar\/web\/wp-json\/wp\/v2\/posts"}],"about":[{"href":"https:\/\/infovera.com.ar\/web\/wp-json\/wp\/v2\/types\/post"}],"author":[{"embeddable":true,"href":"https:\/\/infovera.com.ar\/web\/wp-json\/wp\/v2\/users\/3"}],"replies":[{"embeddable":true,"href":"https:\/\/infovera.com.ar\/web\/wp-json\/wp\/v2\/comments?post=70409"}],"version-history":[{"count":0,"href":"https:\/\/infovera.com.ar\/web\/wp-json\/wp\/v2\/posts\/70409\/revisions"}],"wp:featuredmedia":[{"embeddable":true,"href":"https:\/\/infovera.com.ar\/web\/wp-json\/wp\/v2\/media\/70410"}],"wp:attachment":[{"href":"https:\/\/infovera.com.ar\/web\/wp-json\/wp\/v2\/media?parent=70409"}],"wp:term":[{"taxonomy":"category","embeddable":true,"href":"https:\/\/infovera.com.ar\/web\/wp-json\/wp\/v2\/categories?post=70409"},{"taxonomy":"post_tag","embeddable":true,"href":"https:\/\/infovera.com.ar\/web\/wp-json\/wp\/v2\/tags?post=70409"}],"curies":[{"name":"wp","href":"https:\/\/api.w.org\/{rel}","templated":true}]}}