{"id":70399,"date":"2026-03-11T13:21:43","date_gmt":"2026-03-11T16:21:43","guid":{"rendered":"https:\/\/infovera.com.ar\/web\/?p=70399"},"modified":"2026-03-11T13:21:43","modified_gmt":"2026-03-11T16:21:43","slug":"los-amores-aprehendieron-a-dos-hombres-que-transportaban-carne-de-dudosa-procedencia","status":"publish","type":"post","link":"https:\/\/infovera.com.ar\/web\/2026\/03\/11\/los-amores-aprehendieron-a-dos-hombres-que-transportaban-carne-de-dudosa-procedencia\/","title":{"rendered":"Los Amores: aprehendieron a dos hombres que transportaban carne de dudosa procedencia"},"content":{"rendered":"<p><strong>Personal policial de la Subcomisar\u00eda 1\u00aa de Los Amores, dependiente de la Unidad Regional XIX, aprehendi\u00f3 a dos hombres mayores de edad que trasladaban producto c\u00e1rneo de dudosa procedencia.<\/strong><\/p>\n<p>El procedimiento se llev\u00f3 a cabo en la ma\u00f1ana de este 11 de marzo de 2026, en el marco de tareas operativas realizadas por efectivos policiales en esa jurisdicci\u00f3n del departamento Vera.<\/p>\n<p>Seg\u00fan informaron fuentes policiales, al advertir la situaci\u00f3n los agentes procedieron a la aprehensi\u00f3n de los involucrados, adem\u00e1s del secuestro de dos motocicletas y distintos elementos de inter\u00e9s para la investigaci\u00f3n.<\/p>\n<p>Los hombres quedaron a disposici\u00f3n de la Justicia, mientras se contin\u00faan realizando las diligencias correspondientes para determinar el origen de la carne transportada.<\/p>\n","protected":false},"excerpt":{"rendered":"<p>Personal policial de la Subcomisar\u00eda 1\u00aa de Los Amores, dependiente de la Unidad Regional XIX, aprehendi\u00f3 a dos hombres mayores de edad que trasladaban producto c\u00e1rneo de dudosa procedencia. El procedimiento se llev\u00f3 a cabo en la ma\u00f1ana de este 11 de marzo de 2026, en el marco de tareas operativas realizadas por efectivos policiales [&hellip;]<\/p>\n","protected":false},"author":3,"featured_media":70400,"comment_status":"open","ping_status":"open","sticky":false,"template":"","format":"standard","meta":{"_joinchat":[],"footnotes":""},"categories":[51,30],"tags":[],"class_list":{"0":"post-70399","1":"post","2":"type-post","3":"status-publish","4":"format-standard","5":"has-post-thumbnail","7":"category-locales","8":"category-policiales"},"_links":{"self":[{"href":"https:\/\/infovera.com.ar\/web\/wp-json\/wp\/v2\/posts\/70399","targetHints":{"allow":["GET"]}}],"collection":[{"href":"https:\/\/infovera.com.ar\/web\/wp-json\/wp\/v2\/posts"}],"about":[{"href":"https:\/\/infovera.com.ar\/web\/wp-json\/wp\/v2\/types\/post"}],"author":[{"embeddable":true,"href":"https:\/\/infovera.com.ar\/web\/wp-json\/wp\/v2\/users\/3"}],"replies":[{"embeddable":true,"href":"https:\/\/infovera.com.ar\/web\/wp-json\/wp\/v2\/comments?post=70399"}],"version-history":[{"count":0,"href":"https:\/\/infovera.com.ar\/web\/wp-json\/wp\/v2\/posts\/70399\/revisions"}],"wp:featuredmedia":[{"embeddable":true,"href":"https:\/\/infovera.com.ar\/web\/wp-json\/wp\/v2\/media\/70400"}],"wp:attachment":[{"href":"https:\/\/infovera.com.ar\/web\/wp-json\/wp\/v2\/media?parent=70399"}],"wp:term":[{"taxonomy":"category","embeddable":true,"href":"https:\/\/infovera.com.ar\/web\/wp-json\/wp\/v2\/categories?post=70399"},{"taxonomy":"post_tag","embeddable":true,"href":"https:\/\/infovera.com.ar\/web\/wp-json\/wp\/v2\/tags?post=70399"}],"curies":[{"name":"wp","href":"https:\/\/api.w.org\/{rel}","templated":true}]}}