{"id":70392,"date":"2026-03-11T12:19:20","date_gmt":"2026-03-11T15:19:20","guid":{"rendered":"https:\/\/infovera.com.ar\/web\/?p=70392"},"modified":"2026-03-12T14:09:52","modified_gmt":"2026-03-12T17:09:52","slug":"el-paro-municipal-tiene-50-de-acatamiento-en-vera-informo-el-sitram","status":"publish","type":"post","link":"https:\/\/infovera.com.ar\/web\/2026\/03\/11\/el-paro-municipal-tiene-50-de-acatamiento-en-vera-informo-el-sitram\/","title":{"rendered":"El paro municipal tiene 50 % de acatamiento en Vera, inform\u00f3 el Sitram"},"content":{"rendered":"<p><strong>La primera jornada del paro de 48 horas decretado por FESTRAM se cumple con un 50 % de acatamiento la ciudad de Vera, de acuerdo a lo informado por el Sitram a InfoVera.<\/strong><\/p>\n<p>Fernando Quieu, secretario del Sindicato de Trabajadores Municipales de Vera, precis\u00f3 que la mitad de los trabadores se pleg\u00f3 a la protesta en la ciudad cabecera.<\/p>\n<p>El sindicalista dijo que la medida se cumple con buena adhesi\u00f3n en las dem\u00e1s comunas del norte, y denunci\u00f3 que en Golondrina hubo amedrentamientos por parte de la administraci\u00f3n comunal para que los empleados asistan a prestar servicios.<\/p>\n<p><strong>Motivos<\/strong><\/p>\n<p>Este mi\u00e9rcoles comenz\u00f3 el paro de 48 horas decretado por la central sindical provincial luego de que los intendentes mantuvieran su postura de un ofrecimiento salarial con los porcentajes establecidos por la Provincia para la paritaria central, pero \u201cdesconocen los m\u00ednimos ofrecidos por la misma, perjudicando de esta manera directamente el bolsillo del trabajador municipal y su familia\u201d, inform\u00f3 la central sindical.<\/p>\n<p>\u201cLos intendentes ofrecen lo peor de la propuesta trasladada por el Gobierno Provincial a sus empleados, el 12,5% para el primer semestre, pero se niegan a otorgar la garant\u00eda salarial que percibir\u00e1n los agentes provinciales, cuyo m\u00ednimo es de 170.000\u201d, critic\u00f3.<\/p>\n<p>Los porcentajes ofrecidos son:<\/p>\n<p>\u00b7\u00a0\u00a0\u00a0\u00a0\u00a0\u00a0\u00a0\u00a0\u00a012,5% para el primer semestre 2026, dividido de la siguiente manera:<\/p>\n<p>2,6% a enero (ya abonado).<\/p>\n<p>2,6% para el mes de abril.<\/p>\n<p>3,3% para el mes de mayo.<\/p>\n<p>4% para el mes de junio.<\/p>\n<p>\u00b7\u00a0\u00a0\u00a0\u00a0\u00a0\u00a0\u00a0\u00a0\u00a03% retroactivo por la pol\u00edtica salarial 2025, el cual estaba comprometido en la \u00faltima reuni\u00f3n paritaria.<\/p>\n<p>Para FESTRAM, la propuesta result\u00f3 &#8220;inaceptable, por el alcance sobre el salario del trabajador, ya que en algunos casos representa al mes de abril $45.900 de aumento; sumergiendo a los trabajadores municipales y comunales dentro de los \u00edndices de pobreza&#8221;.<\/p>\n","protected":false},"excerpt":{"rendered":"<p>La primera jornada del paro de 48 horas decretado por FESTRAM se cumple con un 50 % de acatamiento la ciudad de Vera, de acuerdo a lo informado por el Sitram a InfoVera. Fernando Quieu, secretario del Sindicato de Trabajadores Municipales de Vera, precis\u00f3 que la mitad de los trabadores se pleg\u00f3 a la protesta [&hellip;]<\/p>\n","protected":false},"author":3,"featured_media":70393,"comment_status":"open","ping_status":"open","sticky":false,"template":"","format":"standard","meta":{"_joinchat":[],"footnotes":""},"categories":[51,29],"tags":[],"class_list":{"0":"post-70392","1":"post","2":"type-post","3":"status-publish","4":"format-standard","5":"has-post-thumbnail","7":"category-locales","8":"category-obras"},"_links":{"self":[{"href":"https:\/\/infovera.com.ar\/web\/wp-json\/wp\/v2\/posts\/70392","targetHints":{"allow":["GET"]}}],"collection":[{"href":"https:\/\/infovera.com.ar\/web\/wp-json\/wp\/v2\/posts"}],"about":[{"href":"https:\/\/infovera.com.ar\/web\/wp-json\/wp\/v2\/types\/post"}],"author":[{"embeddable":true,"href":"https:\/\/infovera.com.ar\/web\/wp-json\/wp\/v2\/users\/3"}],"replies":[{"embeddable":true,"href":"https:\/\/infovera.com.ar\/web\/wp-json\/wp\/v2\/comments?post=70392"}],"version-history":[{"count":0,"href":"https:\/\/infovera.com.ar\/web\/wp-json\/wp\/v2\/posts\/70392\/revisions"}],"wp:featuredmedia":[{"embeddable":true,"href":"https:\/\/infovera.com.ar\/web\/wp-json\/wp\/v2\/media\/70393"}],"wp:attachment":[{"href":"https:\/\/infovera.com.ar\/web\/wp-json\/wp\/v2\/media?parent=70392"}],"wp:term":[{"taxonomy":"category","embeddable":true,"href":"https:\/\/infovera.com.ar\/web\/wp-json\/wp\/v2\/categories?post=70392"},{"taxonomy":"post_tag","embeddable":true,"href":"https:\/\/infovera.com.ar\/web\/wp-json\/wp\/v2\/tags?post=70392"}],"curies":[{"name":"wp","href":"https:\/\/api.w.org\/{rel}","templated":true}]}}