{"id":70389,"date":"2026-03-11T12:00:33","date_gmt":"2026-03-11T15:00:33","guid":{"rendered":"https:\/\/infovera.com.ar\/web\/?p=70389"},"modified":"2026-03-11T12:00:33","modified_gmt":"2026-03-11T15:00:33","slug":"juegos-suramericanos-es-un-exito-lo-que-esta-haciendo-santa-fe-afirman-desde-la-comision-de-seguimiento-de-odesur","status":"publish","type":"post","link":"https:\/\/infovera.com.ar\/web\/2026\/03\/11\/juegos-suramericanos-es-un-exito-lo-que-esta-haciendo-santa-fe-afirman-desde-la-comision-de-seguimiento-de-odesur\/","title":{"rendered":"Juegos Suramericanos: \u201cEs un \u00e9xito lo que est\u00e1 haciendo Santa Fe\u201d, afirman desde la Comisi\u00f3n de Seguimiento de Odesur"},"content":{"rendered":"<p><strong>La delegaci\u00f3n internacional recorri\u00f3 instalaciones en Rosario, Rafaela y Santa Fe. Su presidente, el chileno Miguel \u00c1ngel Mujica, valor\u00f3 el progreso de los trabajos. El brasile\u00f1o Francisco Barreto, de la Comisi\u00f3n de Atletas, fue contundente: \u201cParticip\u00e9 en cuatro Juegos Panamericanos y nunca vi una estructura tan grande para un evento de este tipo<\/strong>\u201d.<\/p>\n<p>Una delegaci\u00f3n de la Comisi\u00f3n de Seguimiento de la Organizaci\u00f3n Deportiva Suramericana (Odesur) recorri\u00f3 esta semana las obras que se ejecutan en la provincia de Santa Fe con vistas a los Juegos Suramericanos 2026, que se celebrar\u00e1n en septiembre en las ciudades de Rosario, Santa Fe y Rafaela. Durante la visita, los representantes del organismo destacaron el nivel de avance de la infraestructura deportiva y valoraron la planificaci\u00f3n realizada por el Gobierno Provincial.<\/p>\n<p>La agenda comenz\u00f3 en Rosario, donde los miembros de la comisi\u00f3n fueron recibidos por autoridades provinciales y representantes del Comit\u00e9 Ol\u00edmpico Argentino. La comitiva estuvo integrada por el chileno Miguel \u00c1ngel Mujica, presidente de la Comisi\u00f3n de Seguimiento de Odesur; el ecuatoriano Jorge Delgado; el brasile\u00f1o Francisco Barreto, representante de la Comisi\u00f3n de Atletas; el argentino Mario Cilenti, director ejecutivo de Odesur; y el colombiano Fabio Ram\u00edrez, director t\u00e9cnico y de desarrollo de la entidad.<\/p>\n<p>En esa ciudad inspeccionaron el Estadio Parque Independencia, el Multiespacio Arena del Predio Ferial, la Villa Sudamericana y el Centro Acu\u00e1tico Provincial, instalaciones que ser\u00e1n escenario de distintas disciplinas durante el certamen. Por parte de la Provincia estuvo el secretario de Vinculaci\u00f3n Institucional y coordinador general del comit\u00e9 organizador, Juli\u00e1n Galdeano, junto a dem\u00e1s colaboradores.<\/p>\n<p>Este martes la delegaci\u00f3n continu\u00f3 su recorrido en Rafaela y posteriormente en la ciudad de Santa Fe. En Rafaela visitaron el vel\u00f3dromo, el estadio Distrito Joven y la Villa Sudamericana. Por la tarde, ya en el \u00e1rea metropolitana de la capital provincial, supervisaron los avances del Centro Internacional de Tiro en Recreo, la Villa Sudamericana, la pista de atletismo y el estadio cubierto del Centro de Alto Rendimiento Deportivo (CARD).<\/p>\n<p>El secretario de Deportes de la Provincia, Fernando Maletti, explic\u00f3 que la visita forma parte del seguimiento que Odesur realiza desde que Santa Fe fue confirmada como sede. \u201cEstamos pr\u00e1cticamente a 180 d\u00edas de los Juegos. La comisi\u00f3n viene acompa\u00f1ando todo el proceso desde el inicio y hoy se encuentra con obras muy avanzadas, algunas cercanas al 70 % y otras en torno al 50 %. Eso nos da confianza en que estamos haciendo las cosas bien\u201d, se\u00f1al\u00f3.<\/p>\n<p><strong>Capital del deporte<\/strong><\/p>\n<p>El presidente de la comisi\u00f3n, Miguel \u00c1ngel Mujica, subray\u00f3 el progreso de los trabajos respecto de la situaci\u00f3n observada un a\u00f1o atr\u00e1s. \u201cHace doce meses ten\u00edamos planos e ideas; hoy vemos que realmente es un \u00e9xito lo que est\u00e1 haciendo la provincia de Santa Fe. La infraestructura ya se est\u00e1 materializando\u201d, afirm\u00f3.<\/p>\n<p>Mujica tambi\u00e9n destac\u00f3 el modelo de Villa Suramericana en la ciudad de Santa Fe, que alojar\u00e1 a los atletas de los 15 pa\u00edses participantes. \u201cQue los deportistas puedan concentrarse en una villa y no en hoteles es un gran paso. Adem\u00e1s, los departamentos tendr\u00e1n un uso social despu\u00e9s de los Juegos, porque se entregar\u00e1n o vender\u00e1n a personas que los necesiten\u201d, explic\u00f3.<\/p>\n<p>En materia de instalaciones deportivas, el dirigente chileno resalt\u00f3 particularmente el desarrollo del polideportivo de Rafaela. \u201cEs una infraestructura de gran nivel. La ciudad ya deber\u00eda empezar a pensar qu\u00e9 eventos nacionales o internacionales podr\u00e1 albergar all\u00ed, porque permite organizar competiciones de hasta cinco disciplinas diferentes\u201d, indic\u00f3.<\/p>\n<p>Por su parte, el presidente del Comit\u00e9 Ol\u00edmpico Argentino, Mario Moccia, remarc\u00f3 el valor estrat\u00e9gico del deporte para el desarrollo social y educativo. \u201cLa decisi\u00f3n del gobernador Maximiliano Pullaro de asumir el desaf\u00edo de organizar estos Juegos es muy importante. El deporte transmite valores, forma a los j\u00f3venes y contribuye a construir una sociedad m\u00e1s saludable\u201d, sostuvo.<\/p>\n<p>Moccia a\u00f1adi\u00f3 que el legado de las obras trascender\u00e1 la competencia. \u201cLos Juegos van a resignificar a la provincia y la posicionar\u00e1n como capital del deporte en la Argentina, porque hoy no existe en el pa\u00eds una infraestructura tan completa como la que tendr\u00e1 Santa Fe\u201d, afirm\u00f3.<\/p>\n<p>La visita concluy\u00f3 con la valoraci\u00f3n del brasile\u00f1o Francisco Barreto, representante de la Comisi\u00f3n de Atletas, quien se mostr\u00f3 sorprendido por la magnitud del proyecto. \u201cParticip\u00e9 en cuatro Juegos Panamericanos y nunca vi una estructura tan grande para un evento de este tipo. Los atletas que lleguen a Santa Fe vivir\u00e1n, sin duda, una experiencia extraordinaria\u201d, asegur\u00f3.<\/p>\n","protected":false},"excerpt":{"rendered":"<p>La delegaci\u00f3n internacional recorri\u00f3 instalaciones en Rosario, Rafaela y Santa Fe. Su presidente, el chileno Miguel \u00c1ngel Mujica, valor\u00f3 el progreso de los trabajos. El brasile\u00f1o Francisco Barreto, de la Comisi\u00f3n de Atletas, fue contundente: \u201cParticip\u00e9 en cuatro Juegos Panamericanos y nunca vi una estructura tan grande para un evento de este tipo\u201d. Una delegaci\u00f3n [&hellip;]<\/p>\n","protected":false},"author":3,"featured_media":70390,"comment_status":"open","ping_status":"open","sticky":false,"template":"","format":"standard","meta":{"_joinchat":[],"footnotes":""},"categories":[31],"tags":[],"class_list":{"0":"post-70389","1":"post","2":"type-post","3":"status-publish","4":"format-standard","5":"has-post-thumbnail","7":"category-deportes"},"_links":{"self":[{"href":"https:\/\/infovera.com.ar\/web\/wp-json\/wp\/v2\/posts\/70389","targetHints":{"allow":["GET"]}}],"collection":[{"href":"https:\/\/infovera.com.ar\/web\/wp-json\/wp\/v2\/posts"}],"about":[{"href":"https:\/\/infovera.com.ar\/web\/wp-json\/wp\/v2\/types\/post"}],"author":[{"embeddable":true,"href":"https:\/\/infovera.com.ar\/web\/wp-json\/wp\/v2\/users\/3"}],"replies":[{"embeddable":true,"href":"https:\/\/infovera.com.ar\/web\/wp-json\/wp\/v2\/comments?post=70389"}],"version-history":[{"count":0,"href":"https:\/\/infovera.com.ar\/web\/wp-json\/wp\/v2\/posts\/70389\/revisions"}],"wp:featuredmedia":[{"embeddable":true,"href":"https:\/\/infovera.com.ar\/web\/wp-json\/wp\/v2\/media\/70390"}],"wp:attachment":[{"href":"https:\/\/infovera.com.ar\/web\/wp-json\/wp\/v2\/media?parent=70389"}],"wp:term":[{"taxonomy":"category","embeddable":true,"href":"https:\/\/infovera.com.ar\/web\/wp-json\/wp\/v2\/categories?post=70389"},{"taxonomy":"post_tag","embeddable":true,"href":"https:\/\/infovera.com.ar\/web\/wp-json\/wp\/v2\/tags?post=70389"}],"curies":[{"name":"wp","href":"https:\/\/api.w.org\/{rel}","templated":true}]}}