{"id":70384,"date":"2026-03-11T11:19:48","date_gmt":"2026-03-11T14:19:48","guid":{"rendered":"https:\/\/infovera.com.ar\/web\/?p=70384"},"modified":"2026-03-12T14:10:19","modified_gmt":"2026-03-12T17:10:19","slug":"provincia-iniciara-obras-para-preservar-un-historico-puente-de-quebracho-en-fortin-olmos","status":"publish","type":"post","link":"https:\/\/infovera.com.ar\/web\/2026\/03\/11\/provincia-iniciara-obras-para-preservar-un-historico-puente-de-quebracho-en-fortin-olmos\/","title":{"rendered":"Provincia iniciar\u00e1 obras para preservar un hist\u00f3rico puente de quebracho en Fort\u00edn Olmos"},"content":{"rendered":"<p><strong>El ministro de Obras P\u00fablicas de Santa Fe, Lisandro Enrico, firm\u00f3 el acta que permitir\u00e1 iniciar los trabajos de preservaci\u00f3n y refuerzo estructural de un hist\u00f3rico puente de quebracho en la localidad de Fort\u00edn Olmos, en el norte provincial.<\/strong><\/p>\n<p>Seg\u00fan explic\u00f3 el funcionario, la obra busca garantizar la durabilidad y seguridad de la estructura, clave para la conectividad de la localidad y para el traslado de la producci\u00f3n de la regi\u00f3n.<\/p>\n<p>\u201cFirmamos el acta que dar\u00e1 inicio a los trabajos para asegurar la durabilidad y seguridad de un puente hist\u00f3rico, <strong>tan importante para la conectividad de la localidad y tan clave para el traslado de la producci\u00f3n\u201d<\/strong>, se\u00f1al\u00f3 Enrico, respecto del puente del Arroyo Golondrina, ubicado sobre la Ruta Provincial N\u00b0 40-S, por el que la Comuna local hab\u00eda declarado la emergencia vial.<\/p>\n<p>El ministro destac\u00f3 adem\u00e1s el valor patrimonial de la estructura, construida en madera de quebracho, y asegur\u00f3 que las tareas permitir\u00e1n preservar su funcionamiento y mejorar sus condiciones de seguridad.<\/p>\n<p>Durante la actividad, Enrico remarc\u00f3 que la gesti\u00f3n provincial tiene como uno de sus ejes la recuperaci\u00f3n y construcci\u00f3n de puentes en distintos puntos del territorio santafesino.<\/p>\n<p>\u201cEste gobierno de Maximiliano Pullaro, entre tantas cualidades, ser\u00e1 recordado en el tiempo por construir y recuperar puentes\u201d, expres\u00f3.<\/p>\n<p>Las obras forman parte del plan de infraestructura que impulsa el gobierno provincial para mejorar la conectividad en el interior y fortalecer el desarrollo productivo de las localidades del norte santafesino.<\/p>\n<p>Estuvieron presentes el presidente comunal Rodrigo Acevedo, el adminitrador de Vialidad Provincial, Pablo Seghezzo, el senador Osvaldo Sosa, los diputados Chiqui Rojas y Dionisio Scarpin, la secretar\u00eda de Vinculaci\u00f3n Territorial Juliana Caillat, entre otros.<\/p>\n","protected":false},"excerpt":{"rendered":"<p>El ministro de Obras P\u00fablicas de Santa Fe, Lisandro Enrico, firm\u00f3 el acta que permitir\u00e1 iniciar los trabajos de preservaci\u00f3n y refuerzo estructural de un hist\u00f3rico puente de quebracho en la localidad de Fort\u00edn Olmos, en el norte provincial. Seg\u00fan explic\u00f3 el funcionario, la obra busca garantizar la durabilidad y seguridad de la estructura, clave [&hellip;]<\/p>\n","protected":false},"author":3,"featured_media":70386,"comment_status":"open","ping_status":"open","sticky":false,"template":"","format":"standard","meta":{"_joinchat":[],"footnotes":""},"categories":[51,29],"tags":[],"class_list":{"0":"post-70384","1":"post","2":"type-post","3":"status-publish","4":"format-standard","5":"has-post-thumbnail","7":"category-locales","8":"category-obras"},"_links":{"self":[{"href":"https:\/\/infovera.com.ar\/web\/wp-json\/wp\/v2\/posts\/70384","targetHints":{"allow":["GET"]}}],"collection":[{"href":"https:\/\/infovera.com.ar\/web\/wp-json\/wp\/v2\/posts"}],"about":[{"href":"https:\/\/infovera.com.ar\/web\/wp-json\/wp\/v2\/types\/post"}],"author":[{"embeddable":true,"href":"https:\/\/infovera.com.ar\/web\/wp-json\/wp\/v2\/users\/3"}],"replies":[{"embeddable":true,"href":"https:\/\/infovera.com.ar\/web\/wp-json\/wp\/v2\/comments?post=70384"}],"version-history":[{"count":0,"href":"https:\/\/infovera.com.ar\/web\/wp-json\/wp\/v2\/posts\/70384\/revisions"}],"wp:featuredmedia":[{"embeddable":true,"href":"https:\/\/infovera.com.ar\/web\/wp-json\/wp\/v2\/media\/70386"}],"wp:attachment":[{"href":"https:\/\/infovera.com.ar\/web\/wp-json\/wp\/v2\/media?parent=70384"}],"wp:term":[{"taxonomy":"category","embeddable":true,"href":"https:\/\/infovera.com.ar\/web\/wp-json\/wp\/v2\/categories?post=70384"},{"taxonomy":"post_tag","embeddable":true,"href":"https:\/\/infovera.com.ar\/web\/wp-json\/wp\/v2\/tags?post=70384"}],"curies":[{"name":"wp","href":"https:\/\/api.w.org\/{rel}","templated":true}]}}