{"id":70372,"date":"2026-03-10T17:36:13","date_gmt":"2026-03-10T20:36:13","guid":{"rendered":"https:\/\/infovera.com.ar\/web\/?p=70372"},"modified":"2026-03-11T12:20:41","modified_gmt":"2026-03-11T15:20:41","slug":"el-miercoles-dara-comienzo-el-periodo-de-sesiones-ordinarias-del-concejo","status":"publish","type":"post","link":"https:\/\/infovera.com.ar\/web\/2026\/03\/10\/el-miercoles-dara-comienzo-el-periodo-de-sesiones-ordinarias-del-concejo\/","title":{"rendered":"El mi\u00e9rcoles 18 dar\u00e1 comienzo el periodo de sesiones ordinarias del Concejo"},"content":{"rendered":"<p><strong>El presidente del Concejo Municipal de la ciudad de Vera, Prof. Javier Barbona, curs\u00f3 invitaci\u00f3n a la comunidad a participar de la apertura del per\u00edodo de Sesiones Ordinarias 2026 del Cuerpo Legislativo<\/strong>, en la cual la intendente municipal, Ing. Paula Carolina Mitre, brindar\u00e1 su mensaje inaugural.<\/p>\n<p>El acto se llevar\u00e1 a cabo el d\u00eda mi\u00e9rcoles 18 de marzo de 2026, a las 20 hs, en la Sala de Sesiones del Concejo Municipal (Corrientes y Urquiza) de la ciudad de Vera.<\/p>\n<p>Mitre brindar\u00e1 un informe de gesti\u00f3n de lo actuado en 2025 y fijar\u00e1 las prioridades para el a\u00f1o en curso.<\/p>\n","protected":false},"excerpt":{"rendered":"<p>El presidente del Concejo Municipal de la ciudad de Vera, Prof. Javier Barbona, curs\u00f3 invitaci\u00f3n a la comunidad a participar de la apertura del per\u00edodo de Sesiones Ordinarias 2026 del Cuerpo Legislativo, en la cual la intendente municipal, Ing. Paula Carolina Mitre, brindar\u00e1 su mensaje inaugural. El acto se llevar\u00e1 a cabo el d\u00eda mi\u00e9rcoles [&hellip;]<\/p>\n","protected":false},"author":3,"featured_media":70373,"comment_status":"open","ping_status":"open","sticky":false,"template":"","format":"standard","meta":{"_joinchat":[],"footnotes":""},"categories":[53],"tags":[],"class_list":{"0":"post-70372","1":"post","2":"type-post","3":"status-publish","4":"format-standard","5":"has-post-thumbnail","7":"category-vera"},"_links":{"self":[{"href":"https:\/\/infovera.com.ar\/web\/wp-json\/wp\/v2\/posts\/70372","targetHints":{"allow":["GET"]}}],"collection":[{"href":"https:\/\/infovera.com.ar\/web\/wp-json\/wp\/v2\/posts"}],"about":[{"href":"https:\/\/infovera.com.ar\/web\/wp-json\/wp\/v2\/types\/post"}],"author":[{"embeddable":true,"href":"https:\/\/infovera.com.ar\/web\/wp-json\/wp\/v2\/users\/3"}],"replies":[{"embeddable":true,"href":"https:\/\/infovera.com.ar\/web\/wp-json\/wp\/v2\/comments?post=70372"}],"version-history":[{"count":0,"href":"https:\/\/infovera.com.ar\/web\/wp-json\/wp\/v2\/posts\/70372\/revisions"}],"wp:featuredmedia":[{"embeddable":true,"href":"https:\/\/infovera.com.ar\/web\/wp-json\/wp\/v2\/media\/70373"}],"wp:attachment":[{"href":"https:\/\/infovera.com.ar\/web\/wp-json\/wp\/v2\/media?parent=70372"}],"wp:term":[{"taxonomy":"category","embeddable":true,"href":"https:\/\/infovera.com.ar\/web\/wp-json\/wp\/v2\/categories?post=70372"},{"taxonomy":"post_tag","embeddable":true,"href":"https:\/\/infovera.com.ar\/web\/wp-json\/wp\/v2\/tags?post=70372"}],"curies":[{"name":"wp","href":"https:\/\/api.w.org\/{rel}","templated":true}]}}