{"id":70366,"date":"2026-03-10T17:27:54","date_gmt":"2026-03-10T20:27:54","guid":{"rendered":"https:\/\/infovera.com.ar\/web\/?p=70366"},"modified":"2026-03-10T17:27:54","modified_gmt":"2026-03-10T20:27:54","slug":"paula-mitre-participo-del-encuentro-de-unidos-tenemos-que-estar-muy-cerca-de-la-gente","status":"publish","type":"post","link":"https:\/\/infovera.com.ar\/web\/2026\/03\/10\/paula-mitre-participo-del-encuentro-de-unidos-tenemos-que-estar-muy-cerca-de-la-gente\/","title":{"rendered":"Paula Mitre particip\u00f3 del encuentro de Unidos: &#8220;Tenemos que estar muy cerca de la gente&#8221;"},"content":{"rendered":"<p><strong>La intendente de Vera, Paula Mitre, particip\u00f3 de un encuentro de dirigentes del espacio Unidos para Cambiar Santa Fe que se desarroll\u00f3 en la ciudad de Malabrigo, donde se abordaron distintos temas vinculados a la gesti\u00f3n provincial, la situaci\u00f3n econ\u00f3mica y problem\u00e1ticas sociales.<\/strong><\/p>\n<p>Mitre destac\u00f3 que se trat\u00f3 de una reuni\u00f3n productiva y necesaria para el intercambio entre dirigentes.<\/p>\n<p>\u201cFui a Malabrigo donde hemos hecho una reuni\u00f3n interesante, muy productiva. Estos tipos de encuentros son necesarios para escuchar y ser escuchados, pero sobre todo para poder enfocarnos en lo central\u201d, expres\u00f3.<\/p>\n<p><strong>Balance de la gesti\u00f3n provincial<\/strong><\/p>\n<p>Durante el encuentro, uno de los ejes fue el an\u00e1lisis de la situaci\u00f3n provincial y los indicadores vinculados a la obra p\u00fablica y el empleo.<\/p>\n<p><strong>\u201cPudimos resaltar todo lo bien que est\u00e1 haciendo la provincia, sobre todo en lo que es obra p\u00fablica, y estos indicadores que se empiezan a ver como positivos.<\/strong> En Santa Fe empieza a haber creaci\u00f3n de empleo formal\u201d, se\u00f1al\u00f3.<\/p>\n<p>No obstante, tambi\u00e9n se analizaron las dificultades que atraviesa la poblaci\u00f3n en el actual contexto econ\u00f3mico nacional.<\/p>\n<p>La mandataria analiz\u00f3 que, en atenci\u00f3n a la situaci\u00f3n que vive hoy la gente en cuanto al nivel econ\u00f3mico nacional a causa de las decisiones que se est\u00e1n tomando en la Naci\u00f3n, <strong>&#8220;es evidente que no hay una paritaria que sea suficiente o que alcance<\/strong>, porque partimos de una base muy mala que est\u00e1 atravesando a todos los argentinos\u201d.<\/p>\n<p><strong>Cercan\u00eda con la gente<\/strong><\/p>\n<p>La intendente verense remarc\u00f3 que, frente a ese contexto, el principal desaf\u00edo de los dirigentes es mantener la cercan\u00eda con la comunidad.<\/p>\n<p><strong>\u201cTenemos que estar muy cerca de la gente. Mucha cercan\u00eda, escucha, contenci\u00f3n y di\u00e1logo para poder poner en el centro las cuestiones importantes\u201d, afirm\u00f3.<\/strong><\/p>\n<p>Adem\u00e1s, indic\u00f3 que el objetivo es seguir impulsando transformaciones que permitan mayor desarrollo productivo y generaci\u00f3n de empleo. \u201cQueremos que la provincia pueda crecer, desarrollarse, producir m\u00e1s y generar riqueza, y con eso crear puestos de trabajo, que es el camino que nosotros creemos que hay que seguir\u201d, agreg\u00f3.<\/p>\n<p><strong>Participaci\u00f3n de dirigentes provinciales<\/strong><\/p>\n<p>El encuentro cont\u00f3 con la participaci\u00f3n de distintos dirigentes y funcionarios provinciales, entre ellos los ministros Fabi\u00e1n Bastia, Lisandro Enrico, Coco B\u00e1scolo y el secretario general de la gobernaci\u00f3n Cacu C\u00e1ndido, m\u00e1s legisladores provinciales, intendentes, intendentas y concejales del espacio.<\/p>\n<p>\u201cFue una linda reuni\u00f3n, con un buen marco de dirigentes y autoridades\u201d, coment\u00f3 Mitre.<\/p>\n<p><strong>Consumos problem\u00e1ticos y salud mental<\/strong><\/p>\n<p>Otro de los temas abordados durante el encuentro fue el crecimiento de los consumos problem\u00e1ticos, la inseguridad y la salud mental, problem\u00e1ticas que preocupan a distintas localidades de la regi\u00f3n.<\/p>\n<p>\u201cSe hizo foco en lo que es consumos problem\u00e1ticos, sobre todo drogas, la inseguridad que muchas veces est\u00e1 relacionada con j\u00f3venes que necesitan consumir, y tambi\u00e9n temas de salud mental\u201d, explic\u00f3.<\/p>\n<p><strong>En ese sentido, remarc\u00f3 la necesidad de seguir trabajando en pol\u00edticas de prevenci\u00f3n, acompa\u00f1amiento y contenci\u00f3n social.<\/strong><\/p>\n","protected":false},"excerpt":{"rendered":"<p>La intendente de Vera, Paula Mitre, particip\u00f3 de un encuentro de dirigentes del espacio Unidos para Cambiar Santa Fe que se desarroll\u00f3 en la ciudad de Malabrigo, donde se abordaron distintos temas vinculados a la gesti\u00f3n provincial, la situaci\u00f3n econ\u00f3mica y problem\u00e1ticas sociales. Mitre destac\u00f3 que se trat\u00f3 de una reuni\u00f3n productiva y necesaria para [&hellip;]<\/p>\n","protected":false},"author":3,"featured_media":70370,"comment_status":"open","ping_status":"open","sticky":false,"template":"","format":"standard","meta":{"_joinchat":[],"footnotes":""},"categories":[66,61],"tags":[],"class_list":{"0":"post-70366","1":"post","2":"type-post","3":"status-publish","4":"format-standard","5":"has-post-thumbnail","7":"category-politica","8":"category-regionales"},"_links":{"self":[{"href":"https:\/\/infovera.com.ar\/web\/wp-json\/wp\/v2\/posts\/70366","targetHints":{"allow":["GET"]}}],"collection":[{"href":"https:\/\/infovera.com.ar\/web\/wp-json\/wp\/v2\/posts"}],"about":[{"href":"https:\/\/infovera.com.ar\/web\/wp-json\/wp\/v2\/types\/post"}],"author":[{"embeddable":true,"href":"https:\/\/infovera.com.ar\/web\/wp-json\/wp\/v2\/users\/3"}],"replies":[{"embeddable":true,"href":"https:\/\/infovera.com.ar\/web\/wp-json\/wp\/v2\/comments?post=70366"}],"version-history":[{"count":0,"href":"https:\/\/infovera.com.ar\/web\/wp-json\/wp\/v2\/posts\/70366\/revisions"}],"wp:featuredmedia":[{"embeddable":true,"href":"https:\/\/infovera.com.ar\/web\/wp-json\/wp\/v2\/media\/70370"}],"wp:attachment":[{"href":"https:\/\/infovera.com.ar\/web\/wp-json\/wp\/v2\/media?parent=70366"}],"wp:term":[{"taxonomy":"category","embeddable":true,"href":"https:\/\/infovera.com.ar\/web\/wp-json\/wp\/v2\/categories?post=70366"},{"taxonomy":"post_tag","embeddable":true,"href":"https:\/\/infovera.com.ar\/web\/wp-json\/wp\/v2\/tags?post=70366"}],"curies":[{"name":"wp","href":"https:\/\/api.w.org\/{rel}","templated":true}]}}