{"id":70363,"date":"2026-03-10T14:07:06","date_gmt":"2026-03-10T17:07:06","guid":{"rendered":"https:\/\/infovera.com.ar\/web\/?p=70363"},"modified":"2026-03-11T12:21:12","modified_gmt":"2026-03-11T15:21:12","slug":"dos-muertos-en-un-choque-del-colectivo-que-traslada-efectivos-de-seguridad-con-una-camioneta","status":"publish","type":"post","link":"https:\/\/infovera.com.ar\/web\/2026\/03\/10\/dos-muertos-en-un-choque-del-colectivo-que-traslada-efectivos-de-seguridad-con-una-camioneta\/","title":{"rendered":"Dos muertos en un choque del colectivo que traslada efectivos de seguridad con una camioneta"},"content":{"rendered":"<p><strong>En la autopista Rosario\u2013Santa Fe. El siniestro ocurri\u00f3 este martes al mediod\u00eda entre las localidades de Oliveros y Maciel. El rodado de mayor porte trasladaba personal penitenciario. Se despleg\u00f3 un amplio operativo de emergencia y el tr\u00e1nsito se vio afectado en ambas calzadas.<\/strong><\/p>\n<p>Un grave siniestro vial se registr\u00f3 este martes al mediod\u00eda en la autopista Rosario\u2013Santa Fe, una de las principales v\u00edas de conexi\u00f3n de la provincia. El choque involucr\u00f3 a un colectivo y una camioneta y ocurri\u00f3 en el tramo comprendido entre las localidades de Oliveros y Maciel, lo que gener\u00f3 un importante operativo de emergencia y complicaciones en la circulaci\u00f3n vehicular.<\/p>\n<p>Minutos m\u00e1s tarde de la intervenci\u00f3n policial y del personal de emergencias, se confirm\u00f3 la muerte de dos personas.<\/p>\n<p><strong>C\u00f3mo ocurri\u00f3<\/strong><\/p>\n<p>El hecho se produjo a la altura del kil\u00f3metro 45 de la autopista provincial que conecta las ciudades de Rosario y Santa Fe, en la mano que se dirige hacia la capital provincial. Esta v\u00eda r\u00e1pida, conocida oficialmente como Autopista Provincial 1, une las dos principales ciudades santafesinas y atraviesa varios departamentos de la provincia.<\/p>\n<p>Seg\u00fan las primeras informaciones difundidas por la Agencia Provincial de Seguridad Vial, el siniestro involucr\u00f3 a un colectivo y a una camioneta Fiat Toro de color blanco. Las im\u00e1genes tomadas en el lugar muestran que el veh\u00edculo de menor porte qued\u00f3 severamente da\u00f1ado, incluso partido en dos como consecuencia del impacto.<\/p>\n<p>El colectivo pertenece a una empresa de transporte de la localidad de Laguna Paiva y, de acuerdo con los datos preliminares, trasladaba a efectivos policiales al momento del choque. Las circunstancias exactas del accidente a\u00fan se encuentran bajo investigaci\u00f3n, aunque el impacto gener\u00f3 una escena de gran magnitud que moviliz\u00f3 a distintos servicios de emergencia.<\/p>\n<p>Tras el choque, ambas calzadas de la autopista quedaron obstruidas durante las primeras horas posteriores al hecho. Desde los organismos de seguridad se pidi\u00f3 a los conductores circular con precauci\u00f3n y respetar las indicaciones del personal que trabajaba en el lugar.<\/p>\n<p>El tr\u00e1nsito en este corredor suele ser intenso debido a que conecta a Rosario con la capital provincial y a numerosas localidades intermedias. Por ese motivo, cualquier incidente de gran magnitud puede provocar demoras y desv\u00edos que afectan a miles de veh\u00edculos. El hecho se produjo a la altura del kil\u00f3metro 45 de la autopista provincial.<\/p>\n<p><strong>Traslado de heridos<\/strong><\/p>\n<p>A ra\u00edz del impacto se activ\u00f3 un amplio operativo sanitario y de rescate. En el lugar trabajaron equipos de emergencias m\u00e9dicas, bomberos y personal policial para asistir a las personas involucradas y asegurar la zona del accidente.<\/p>\n<p>Seg\u00fan los primeros reportes difundidos por los servicios de emergencia, el choque dej\u00f3 personas heridas y tambi\u00e9n habr\u00eda v\u00edctimas fatales. Algunas de las personas involucradas quedaron atrapadas dentro de los veh\u00edculos tras el impacto, lo que oblig\u00f3 a desplegar tareas de rescate para liberarlas.<\/p>\n<p>El vuelco del colectivo, que se produjo tras la colisi\u00f3n, gener\u00f3 una situaci\u00f3n de mayor complejidad para los rescatistas. Por ese motivo, se activ\u00f3 el protocolo sanitario que incluye la intervenci\u00f3n de un helic\u00f3ptero de emergencias para el traslado r\u00e1pido de heridos hacia centros de salud de mayor complejidad.<\/p>\n<p><strong>Actualizaci\u00f3n siniestro vial en autopista Rosario Santa Fe<\/strong><\/p>\n<p><strong>-2 fallecidos (1 conductor del colectivo y el chofer de la camioneta)<\/strong><\/p>\n<p><strong>-3 personas c\u00f3digo rojo (1 mujer de 25 a\u00f1os al HECA en helic\u00f3ptero, y dos al Eva Per\u00f3n, uno de ellos de gravedad)<\/strong><\/p>\n<p><strong>-3 personas en c\u00f3digo amarillo al Hospital de San Lorenzo<\/strong><\/p>\n<p><strong>Intervinieron 6 ambulancias del SIES, 2 minib\u00fas y un helic\u00f3ptero<\/strong><\/p>\n<p>Fuente: El Litoral<\/p>\n","protected":false},"excerpt":{"rendered":"<p>En la autopista Rosario\u2013Santa Fe. El siniestro ocurri\u00f3 este martes al mediod\u00eda entre las localidades de Oliveros y Maciel. El rodado de mayor porte trasladaba personal penitenciario. Se despleg\u00f3 un amplio operativo de emergencia y el tr\u00e1nsito se vio afectado en ambas calzadas. Un grave siniestro vial se registr\u00f3 este martes al mediod\u00eda en la [&hellip;]<\/p>\n","protected":false},"author":3,"featured_media":70364,"comment_status":"open","ping_status":"open","sticky":false,"template":"","format":"standard","meta":{"_joinchat":[],"footnotes":""},"categories":[30,60],"tags":[],"class_list":{"0":"post-70363","1":"post","2":"type-post","3":"status-publish","4":"format-standard","5":"has-post-thumbnail","7":"category-policiales","8":"category-provinciales"},"_links":{"self":[{"href":"https:\/\/infovera.com.ar\/web\/wp-json\/wp\/v2\/posts\/70363","targetHints":{"allow":["GET"]}}],"collection":[{"href":"https:\/\/infovera.com.ar\/web\/wp-json\/wp\/v2\/posts"}],"about":[{"href":"https:\/\/infovera.com.ar\/web\/wp-json\/wp\/v2\/types\/post"}],"author":[{"embeddable":true,"href":"https:\/\/infovera.com.ar\/web\/wp-json\/wp\/v2\/users\/3"}],"replies":[{"embeddable":true,"href":"https:\/\/infovera.com.ar\/web\/wp-json\/wp\/v2\/comments?post=70363"}],"version-history":[{"count":0,"href":"https:\/\/infovera.com.ar\/web\/wp-json\/wp\/v2\/posts\/70363\/revisions"}],"wp:featuredmedia":[{"embeddable":true,"href":"https:\/\/infovera.com.ar\/web\/wp-json\/wp\/v2\/media\/70364"}],"wp:attachment":[{"href":"https:\/\/infovera.com.ar\/web\/wp-json\/wp\/v2\/media?parent=70363"}],"wp:term":[{"taxonomy":"category","embeddable":true,"href":"https:\/\/infovera.com.ar\/web\/wp-json\/wp\/v2\/categories?post=70363"},{"taxonomy":"post_tag","embeddable":true,"href":"https:\/\/infovera.com.ar\/web\/wp-json\/wp\/v2\/tags?post=70363"}],"curies":[{"name":"wp","href":"https:\/\/api.w.org\/{rel}","templated":true}]}}