{"id":69529,"date":"2026-02-02T13:22:54","date_gmt":"2026-02-02T16:22:54","guid":{"rendered":"https:\/\/infovera.com.ar\/web\/?p=69529"},"modified":"2026-02-03T09:17:24","modified_gmt":"2026-02-03T12:17:24","slug":"todo-listo-para-que-vera-vuelva-a-ser-el-carnaval-de-santa-fe-2","status":"publish","type":"post","link":"https:\/\/infovera.com.ar\/web\/2026\/02\/02\/todo-listo-para-que-vera-vuelva-a-ser-el-carnaval-de-santa-fe-2\/","title":{"rendered":"Todo listo para que Vera vuelva a ser \u201cEl Carnaval de Santa Fe\u201d"},"content":{"rendered":"<p><strong>Este s\u00e1bado ser\u00e1 la noche inaugural de los carnavales verenses con la participaci\u00f3n de seis comparsas y la Agrupaci\u00f3n del Centro de Jubilados \u201cDale que Va\u201d que abrir\u00e1 el desfile a las 21.30.<\/strong><\/p>\n<p>Verasamba con \u201cDiez a\u00f1os de pasi\u00f3n\u201d viaja al coraz\u00f3n de la selva m\u00e1s grande del planeta, un homenaje a su fuerza, a su magia y a la vida que la habita. Cuando la noche se apodera de Vera. Aparece el encanto, el brillo y la pasi\u00f3n.<\/p>\n<p>Un cardenal que empieza a volar, un ritmo que contagia con su pasi\u00f3n. Desde el comienzo se palpita el grupo de apasionados que se hacen sentir.<br \/>\nComparsa Ferrumb\u00e1 presenta \u201cVivo por ella\u201d, la m\u00fasica; nos atraviesa, nos une, nos hace vibrar en un viaje sin fronteras, una historia tejida en cada acorde, en cada baile, en cada voz que resuena en las calles y en los corazones. Argentina ha sido cuna de ritmos que han traspasado generaciones, desde los tambores ind\u00edgenas hasta los sonidos electr\u00f3nicos de la era moderna y Ferrumb\u00e1 rendir\u00e1 homenaje a esta traves\u00eda musical, donde cada comp\u00e1s es un testimonio de nuestra identidad.<br \/>\nUnidos del samba nos lleva al Amazonas \u201cel latido de la tierra\u201d, donde la selva despierta y el tambor late.<\/p>\n<p>Entramos en un universo misterioso y sagrado, donde cada color vibra, cada canto es un ritual y la naturaleza se convierte en pura fiesta. Este a\u00f1o viajamos al coraz\u00f3n de la selva m\u00e1s grande del planeta, un homenaje a su fuerza, a su magia y a la vida que la habita.<\/p>\n<p>Aerosamba presenta \u201cEl \u00faltimo \u00e1rbol\u201d, una alegor\u00eda ambientada en un futuro donde la deforestaci\u00f3n ha hecho desaparecer casi todos los bosques.<\/p>\n<p>La comparsa representa al \u00faltimo \u00e1rbol en pie, s\u00edmbolo de vida, resistencia y esperanza. La propuesta destaca la importancia vital de la naturaleza y convoca a los dioses como fuerza protectora para restaurar el equilibrio perdido.<\/p>\n<p>A trav\u00e9s de una pregunta central \u00bfQu\u00e9 pasar\u00e1 cuando solo quede un \u00e1rbol? Invita a reflexionar sobre el impacto humano y la responsabilidad colectiva de cuidar el planeta para que la vida contin\u00fae.<\/p>\n<p>Bambita este a\u00f1o es \u201cSuperbambita\u201d en una ciudad en silencio. Un plan oscuro para apagar la m\u00fasica. Sing Song, la villana del sonido, domina a trav\u00e9s del miedo, pero cuando todo parec\u00eda perdido, la Reina de la ciudad hizo sonar un tambor\u2026 y el llamado despert\u00f3 a los superh\u00e9roes.<\/p>\n<p>La victoria se celebra en Carnaval y nace la leyenda de la mejor scola do samba: La tricolor.<br \/>\nParaver\u00e1 presenta \u201cEuroparaver\u00e1 2026\u201d y propone una aventura viajera con destino a la tierra de nuestros ancestros.<\/p>\n<p>Europa nos espera! Aterrizaremos, sin escalas, en el Aeropuerto de Madrid, Barajas. Luego de transitar Espa\u00f1a nos subimos al transfer y nos dirigiremos a Italia, Hungr\u00eda, Croacia, Alemania, Francia, Pa\u00edses Bajos, Escocia y nos vamos hasta Rusia y al norte.<br \/>\nNo somos una Agencia de Turismo, pero te vamos a llevar de viaje! De equipaje s\u00f3lo tienes que cargar tus cinco sentidos. El costo del pasaje s\u00f3lo ser\u00e1n los aplausos!<\/p>\n<p>Las seis comparsas han puesto lo mejor de s\u00ed y realizado una fuerte inversi\u00f3n para que el espect\u00e1culo brille con la belleza y las batucadas que le brindar\u00e1n el esplendor de siempre.<br \/>\nLa entrada cuesta 15 mil pesos los mayores y 5 mil pesos los menores y el estacionamiento es gratuito en torno al cors\u00f3dromo.<\/p>\n<p>Letyana Press<\/p>\n","protected":false},"excerpt":{"rendered":"<p>Este s\u00e1bado ser\u00e1 la noche inaugural de los carnavales verenses con la participaci\u00f3n de seis comparsas y la Agrupaci\u00f3n del Centro de Jubilados \u201cDale que Va\u201d que abrir\u00e1 el desfile a las 21.30. Verasamba con \u201cDiez a\u00f1os de pasi\u00f3n\u201d viaja al coraz\u00f3n de la selva m\u00e1s grande del planeta, un homenaje a su fuerza, a [&hellip;]<\/p>\n","protected":false},"author":3,"featured_media":69532,"comment_status":"closed","ping_status":"closed","sticky":false,"template":"","format":"standard","meta":{"_joinchat":[],"footnotes":""},"categories":[40,53],"tags":[],"class_list":{"0":"post-69529","1":"post","2":"type-post","3":"status-publish","4":"format-standard","5":"has-post-thumbnail","7":"category-cultura","8":"category-vera"},"_links":{"self":[{"href":"https:\/\/infovera.com.ar\/web\/wp-json\/wp\/v2\/posts\/69529","targetHints":{"allow":["GET"]}}],"collection":[{"href":"https:\/\/infovera.com.ar\/web\/wp-json\/wp\/v2\/posts"}],"about":[{"href":"https:\/\/infovera.com.ar\/web\/wp-json\/wp\/v2\/types\/post"}],"author":[{"embeddable":true,"href":"https:\/\/infovera.com.ar\/web\/wp-json\/wp\/v2\/users\/3"}],"replies":[{"embeddable":true,"href":"https:\/\/infovera.com.ar\/web\/wp-json\/wp\/v2\/comments?post=69529"}],"version-history":[{"count":0,"href":"https:\/\/infovera.com.ar\/web\/wp-json\/wp\/v2\/posts\/69529\/revisions"}],"wp:featuredmedia":[{"embeddable":true,"href":"https:\/\/infovera.com.ar\/web\/wp-json\/wp\/v2\/media\/69532"}],"wp:attachment":[{"href":"https:\/\/infovera.com.ar\/web\/wp-json\/wp\/v2\/media?parent=69529"}],"wp:term":[{"taxonomy":"category","embeddable":true,"href":"https:\/\/infovera.com.ar\/web\/wp-json\/wp\/v2\/categories?post=69529"},{"taxonomy":"post_tag","embeddable":true,"href":"https:\/\/infovera.com.ar\/web\/wp-json\/wp\/v2\/tags?post=69529"}],"curies":[{"name":"wp","href":"https:\/\/api.w.org\/{rel}","templated":true}]}}