{"id":69503,"date":"2026-01-30T14:33:09","date_gmt":"2026-01-30T17:33:09","guid":{"rendered":"https:\/\/infovera.com.ar\/web\/?p=69503"},"modified":"2026-02-01T21:40:54","modified_gmt":"2026-02-02T00:40:54","slug":"vialidad-nacional-repara-la-ruta-11-entre-gdor-crespo-y-calchaqui","status":"publish","type":"post","link":"https:\/\/infovera.com.ar\/web\/2026\/01\/30\/vialidad-nacional-repara-la-ruta-11-entre-gdor-crespo-y-calchaqui\/","title":{"rendered":"Vialidad Nacional repara la Ruta 11 entre Gdor. Crespo y Calchaqu\u00ed"},"content":{"rendered":"<p>Vialidad Nacional sostiene trabajos de reparaci\u00f3n y mantenimiento en la Ruta Nacional 11\u00a0 en diversos puntos entre Gobernador Crespo y Calchaqu\u00ed.<\/p>\n<p>Equipos viales contin\u00faan los arreglos en la calzada de RN 11 al sur de Calchaqu\u00ed, con tareas de fresado y recomposici\u00f3n de la base de la ruta con agregado de cemento y la posterior colocaci\u00f3n de una nueva capa de concreto asf\u00e1ltico. En el mismo tramo, entre Calchaqu\u00ed y G\u00f3mez Cello, se realiza el sellado de fisuras en la superficie de rodamiento, m\u00e1s bacheos sobre sectores previamente fresados. En todos los casos se producen reducciones de carril, con paso alternado coordinado por banderilleros.<\/p>\n<p>Entre Colonia Silva y Gobernador Crespo, con personal y equipos propios, el 7\u00ba Distrito Santa Fe efectu\u00f3 bacheos de transitabilidad, con restricciones moment\u00e1neas de carril.<\/p>\n<p>Vialidad Nacional recuerda que los tramos rurales de RN 11, entre Candioti (Km 490) y Reconquista (Km 786), tienen una velocidad m\u00e1xima preventiva de 80 Km\/H.<\/p>\n<p>&nbsp;<\/p>\n","protected":false},"excerpt":{"rendered":"<p>Vialidad Nacional sostiene trabajos de reparaci\u00f3n y mantenimiento en la Ruta Nacional 11\u00a0 en diversos puntos entre Gobernador Crespo y Calchaqu\u00ed. Equipos viales contin\u00faan los arreglos en la calzada de RN 11 al sur de Calchaqu\u00ed, con tareas de fresado y recomposici\u00f3n de la base de la ruta con agregado de cemento y la posterior [&hellip;]<\/p>\n","protected":false},"author":3,"featured_media":69504,"comment_status":"closed","ping_status":"closed","sticky":false,"template":"","format":"standard","meta":{"_joinchat":[],"footnotes":""},"categories":[29,61],"tags":[],"class_list":{"0":"post-69503","1":"post","2":"type-post","3":"status-publish","4":"format-standard","5":"has-post-thumbnail","7":"category-obras","8":"category-regionales"},"_links":{"self":[{"href":"https:\/\/infovera.com.ar\/web\/wp-json\/wp\/v2\/posts\/69503","targetHints":{"allow":["GET"]}}],"collection":[{"href":"https:\/\/infovera.com.ar\/web\/wp-json\/wp\/v2\/posts"}],"about":[{"href":"https:\/\/infovera.com.ar\/web\/wp-json\/wp\/v2\/types\/post"}],"author":[{"embeddable":true,"href":"https:\/\/infovera.com.ar\/web\/wp-json\/wp\/v2\/users\/3"}],"replies":[{"embeddable":true,"href":"https:\/\/infovera.com.ar\/web\/wp-json\/wp\/v2\/comments?post=69503"}],"version-history":[{"count":0,"href":"https:\/\/infovera.com.ar\/web\/wp-json\/wp\/v2\/posts\/69503\/revisions"}],"wp:featuredmedia":[{"embeddable":true,"href":"https:\/\/infovera.com.ar\/web\/wp-json\/wp\/v2\/media\/69504"}],"wp:attachment":[{"href":"https:\/\/infovera.com.ar\/web\/wp-json\/wp\/v2\/media?parent=69503"}],"wp:term":[{"taxonomy":"category","embeddable":true,"href":"https:\/\/infovera.com.ar\/web\/wp-json\/wp\/v2\/categories?post=69503"},{"taxonomy":"post_tag","embeddable":true,"href":"https:\/\/infovera.com.ar\/web\/wp-json\/wp\/v2\/tags?post=69503"}],"curies":[{"name":"wp","href":"https:\/\/api.w.org\/{rel}","templated":true}]}}