{"id":69481,"date":"2026-01-29T12:41:41","date_gmt":"2026-01-29T15:41:41","guid":{"rendered":"https:\/\/infovera.com.ar\/web\/?p=69481"},"modified":"2026-01-31T10:59:05","modified_gmt":"2026-01-31T13:59:05","slug":"mitre-visito-a-los-jovenes-cadetes-de-vera","status":"publish","type":"post","link":"https:\/\/infovera.com.ar\/web\/2026\/01\/29\/mitre-visito-a-los-jovenes-cadetes-de-vera\/","title":{"rendered":"Mitre visit\u00f3 a los j\u00f3venes cadetes de Vera"},"content":{"rendered":"<p>La intendente, Paula Mitre, acompa\u00f1\u00f3 a los cadetes de la ciudad de Vera que aspiran a ingresar al ISeP, acerc\u00e1ndose el primer d\u00eda de sus pr\u00e1cticas en Plaza Independencia, para brindarles su apoyo y reconocer el esfuerzo que est\u00e1n realizando en el inicio de este camino de vocaci\u00f3n y compromiso.<\/p>\n<p>La jornada tambi\u00e9n fue una oportunidad para destacar el aporte desinteresado del Sr. Director de Polic\u00eda Retirado V\u00edctor Gait\u00e1n, quien con dedicaci\u00f3n, experiencia y profundo compromiso entrena a estos j\u00f3venes, apostando al futuro de cada uno de ellos. Su acompa\u00f1amiento va m\u00e1s all\u00e1 de la formaci\u00f3n f\u00edsica: transmite valores, disciplina y la convicci\u00f3n de que con esfuerzo y perseverancia los sue\u00f1os pueden alcanzarse.<\/p>\n<p>Fue un encuentro sencillo, pero profundamente significativo, que reafirma la importancia de creer en los j\u00f3venes y acompa\u00f1arlos en la construcci\u00f3n de un futuro con m\u00e1s oportunidades para Vera.<\/p>\n","protected":false},"excerpt":{"rendered":"<p>La intendente, Paula Mitre, acompa\u00f1\u00f3 a los cadetes de la ciudad de Vera que aspiran a ingresar al ISeP, acerc\u00e1ndose el primer d\u00eda de sus pr\u00e1cticas en Plaza Independencia, para brindarles su apoyo y reconocer el esfuerzo que est\u00e1n realizando en el inicio de este camino de vocaci\u00f3n y compromiso. La jornada tambi\u00e9n fue una [&hellip;]<\/p>\n","protected":false},"author":3,"featured_media":69482,"comment_status":"closed","ping_status":"closed","sticky":false,"template":"","format":"standard","meta":{"_joinchat":[],"footnotes":""},"categories":[53],"tags":[],"class_list":{"0":"post-69481","1":"post","2":"type-post","3":"status-publish","4":"format-standard","5":"has-post-thumbnail","7":"category-vera"},"_links":{"self":[{"href":"https:\/\/infovera.com.ar\/web\/wp-json\/wp\/v2\/posts\/69481","targetHints":{"allow":["GET"]}}],"collection":[{"href":"https:\/\/infovera.com.ar\/web\/wp-json\/wp\/v2\/posts"}],"about":[{"href":"https:\/\/infovera.com.ar\/web\/wp-json\/wp\/v2\/types\/post"}],"author":[{"embeddable":true,"href":"https:\/\/infovera.com.ar\/web\/wp-json\/wp\/v2\/users\/3"}],"replies":[{"embeddable":true,"href":"https:\/\/infovera.com.ar\/web\/wp-json\/wp\/v2\/comments?post=69481"}],"version-history":[{"count":0,"href":"https:\/\/infovera.com.ar\/web\/wp-json\/wp\/v2\/posts\/69481\/revisions"}],"wp:featuredmedia":[{"embeddable":true,"href":"https:\/\/infovera.com.ar\/web\/wp-json\/wp\/v2\/media\/69482"}],"wp:attachment":[{"href":"https:\/\/infovera.com.ar\/web\/wp-json\/wp\/v2\/media?parent=69481"}],"wp:term":[{"taxonomy":"category","embeddable":true,"href":"https:\/\/infovera.com.ar\/web\/wp-json\/wp\/v2\/categories?post=69481"},{"taxonomy":"post_tag","embeddable":true,"href":"https:\/\/infovera.com.ar\/web\/wp-json\/wp\/v2\/tags?post=69481"}],"curies":[{"name":"wp","href":"https:\/\/api.w.org\/{rel}","templated":true}]}}