{"id":69475,"date":"2026-01-29T10:54:03","date_gmt":"2026-01-29T13:54:03","guid":{"rendered":"https:\/\/infovera.com.ar\/web\/?p=69475"},"modified":"2026-01-30T14:33:52","modified_gmt":"2026-01-30T17:33:52","slug":"la-comuna-de-tartagal-gestiona-soluciones-por-la-falta-de-agua-en-barrio-sur","status":"publish","type":"post","link":"https:\/\/infovera.com.ar\/web\/2026\/01\/29\/la-comuna-de-tartagal-gestiona-soluciones-por-la-falta-de-agua-en-barrio-sur\/","title":{"rendered":"La Comuna de Tartagal gestiona soluciones por la falta de agua en Barrio Sur"},"content":{"rendered":"<p><strong>La Comuna de Tartagal inform\u00f3 que se encuentra realizando gestiones activas para dar una soluci\u00f3n definitiva a la problem\u00e1tica del suministro de agua en Barrio Sur, sector que desde hace tiempo se ve afectado por la falta de funcionamiento del tanque de agua ubicado en esa zona.<\/strong><\/p>\n<p>En ese marco, profesionales especialistas en recursos h\u00eddricos visitaron recientemente la localidad y realizaron una inspecci\u00f3n en el tanque de Barrio Sur, el cual permanece fuera de servicio. A partir de esta situaci\u00f3n, el presidente comunal Nelson Elham tom\u00f3 contacto con la empresa correspondiente para avanzar en alternativas que permitan restablecer el suministro.<\/p>\n<p>Desde la Comuna remarcaron que el acceso al agua es una necesidad b\u00e1sica y prioritaria. \u201cEs nuestra intenci\u00f3n poner fin a esta problem\u00e1tica. Nadie puede vivir sin este vital elemento\u201d, se\u00f1alaron.<\/p>\n<p>Asimismo, se inform\u00f3 que se mantuvieron reuniones con el ministro de Obras P\u00fablicas, Lisandro Enrico, y con funcionarios de la Secretar\u00eda del Agua, presentando el expediente correspondiente. En ese sentido, destacaron que las gestiones no se limitan al plano administrativo, sino que contin\u00faan de manera permanente para lograr una pronta soluci\u00f3n.<\/p>\n<p>La gesti\u00f3n comunal tambi\u00e9n valor\u00f3 la sensibilidad social y el compromiso del gobernador Maximiliano Pullaro, as\u00ed como el acompa\u00f1amiento del ministro Enrico y su equipo, quienes vienen impulsando distintas obras en esta localidad del Departamento Vera.<\/p>\n<p>Finalmente, expresaron su expectativa de que a la brevedad Barrio Sur vuelva a contar con agua, al tiempo que se trabaja en un proyecto para la refacci\u00f3n integral del hist\u00f3rico tanque de cemento.<\/p>\n<p>Desde la Comuna aseguraron que se contin\u00faa trabajando intensamente para mejorar la calidad de vida de los vecinos de Tartagal.<\/p>\n","protected":false},"excerpt":{"rendered":"<p>La Comuna de Tartagal inform\u00f3 que se encuentra realizando gestiones activas para dar una soluci\u00f3n definitiva a la problem\u00e1tica del suministro de agua en Barrio Sur, sector que desde hace tiempo se ve afectado por la falta de funcionamiento del tanque de agua ubicado en esa zona. En ese marco, profesionales especialistas en recursos h\u00eddricos [&hellip;]<\/p>\n","protected":false},"author":3,"featured_media":69476,"comment_status":"closed","ping_status":"closed","sticky":false,"template":"","format":"standard","meta":{"_joinchat":[],"footnotes":""},"categories":[51],"tags":[],"class_list":{"0":"post-69475","1":"post","2":"type-post","3":"status-publish","4":"format-standard","5":"has-post-thumbnail","7":"category-locales"},"_links":{"self":[{"href":"https:\/\/infovera.com.ar\/web\/wp-json\/wp\/v2\/posts\/69475","targetHints":{"allow":["GET"]}}],"collection":[{"href":"https:\/\/infovera.com.ar\/web\/wp-json\/wp\/v2\/posts"}],"about":[{"href":"https:\/\/infovera.com.ar\/web\/wp-json\/wp\/v2\/types\/post"}],"author":[{"embeddable":true,"href":"https:\/\/infovera.com.ar\/web\/wp-json\/wp\/v2\/users\/3"}],"replies":[{"embeddable":true,"href":"https:\/\/infovera.com.ar\/web\/wp-json\/wp\/v2\/comments?post=69475"}],"version-history":[{"count":0,"href":"https:\/\/infovera.com.ar\/web\/wp-json\/wp\/v2\/posts\/69475\/revisions"}],"wp:featuredmedia":[{"embeddable":true,"href":"https:\/\/infovera.com.ar\/web\/wp-json\/wp\/v2\/media\/69476"}],"wp:attachment":[{"href":"https:\/\/infovera.com.ar\/web\/wp-json\/wp\/v2\/media?parent=69475"}],"wp:term":[{"taxonomy":"category","embeddable":true,"href":"https:\/\/infovera.com.ar\/web\/wp-json\/wp\/v2\/categories?post=69475"},{"taxonomy":"post_tag","embeddable":true,"href":"https:\/\/infovera.com.ar\/web\/wp-json\/wp\/v2\/tags?post=69475"}],"curies":[{"name":"wp","href":"https:\/\/api.w.org\/{rel}","templated":true}]}}